{"id":225,"date":"2021-05-25T08:00:00","date_gmt":"2021-05-25T08:00:00","guid":{"rendered":"https:\/\/centrodefensores.org.ve\/?p=225"},"modified":"2021-07-01T08:02:33","modified_gmt":"2021-07-01T08:02:33","slug":"situacion-de-las-personas-defensoras-de-derechos-humanos-en-venezuela-abril-2021","status":"publish","type":"post","link":"https:\/\/centrodefensores.org.ve\/?p=225","title":{"rendered":"SITUACI\u00d3N DE LAS PERSONAS DEFENSORAS DE DERECHOS HUMANOS EN VENEZUELA &#8211; ABRIL 2021"},"content":{"rendered":"\n<p>El Centro para los Defensores y la Justicia (CDJ) registr\u00f3<strong> 115 ataques e incidentes de seguridad durante abril de 2021 en Venezuela.<\/strong><\/p>\n\n\n\n<figure class=\"wp-block-image size-large\"><img fetchpriority=\"high\" decoding=\"async\" width=\"1024\" height=\"571\" src=\"https:\/\/centrodefensores.org.ve\/wp-content\/uploads\/2021\/05\/AtaquesAbril2021-1-1024x571.png\" alt=\"\" class=\"wp-image-237\" srcset=\"https:\/\/centrodefensores.org.ve\/wp-content\/uploads\/2021\/05\/AtaquesAbril2021-1-1024x571.png 1024w, https:\/\/centrodefensores.org.ve\/wp-content\/uploads\/2021\/05\/AtaquesAbril2021-1-300x167.png 300w, https:\/\/centrodefensores.org.ve\/wp-content\/uploads\/2021\/05\/AtaquesAbril2021-1-768x429.png 768w, https:\/\/centrodefensores.org.ve\/wp-content\/uploads\/2021\/05\/AtaquesAbril2021-1.png 1052w\" sizes=\"(max-width: 1024px) 100vw, 1024px\" \/><\/figure>\n\n\n\n<p>Contin\u00faa el aumento de las violaciones al derecho a la defensa y exigencia de derechos humanos en el marco de la agudizaci\u00f3n de las restricciones al espacio c\u00edvico y democr\u00e1tico y la Emergencia Humanitaria Compleja.<\/p>\n\n\n\n<p>Incrementan los riesgos para quienes ejercen acciones de defensa y exigencia de derechos humanos en el pa\u00eds.<\/p>\n\n\n\n<p>Los 115 hechos registrados durante el mes de abril se caracterizaron por:<\/p>\n\n\n\n<figure class=\"wp-block-image size-large\"><img decoding=\"async\" width=\"1024\" height=\"915\" src=\"https:\/\/centrodefensores.org.ve\/wp-content\/uploads\/2021\/05\/CaracterizacionAbril2021-1024x915.png\" alt=\"\" class=\"wp-image-227\" srcset=\"https:\/\/centrodefensores.org.ve\/wp-content\/uploads\/2021\/05\/CaracterizacionAbril2021-1024x915.png 1024w, https:\/\/centrodefensores.org.ve\/wp-content\/uploads\/2021\/05\/CaracterizacionAbril2021-300x268.png 300w, https:\/\/centrodefensores.org.ve\/wp-content\/uploads\/2021\/05\/CaracterizacionAbril2021-768x686.png 768w, https:\/\/centrodefensores.org.ve\/wp-content\/uploads\/2021\/05\/CaracterizacionAbril2021.png 1062w\" sizes=\"(max-width: 1024px) 100vw, 1024px\" \/><\/figure>\n\n\n\n<p><strong><span class=\"has-inline-color has-accent-color\">AUMENTO DE RESTRICCIONES AL ESPACIO C\u00cdVICO Y DEMOCR\u00c1TICO UNA AMENAZA A LA DEFENSA DE DERECHOS HUMANOS<\/span><\/strong><\/p>\n\n\n\n<p>El entorno para la defensa de los derechos humanos y la respuesta ante la Emergencia Humanitaria Compleja, agravada por la pandemia del Covid-19, se vuelve cada vez m\u00e1s hostil y restrictivo para quienes defienden y exigen derechos en Venezuela.<\/p>\n\n\n\n<p>Las organizaciones contin\u00faan siendo se\u00f1aladas de \u201cvende patrias\u201d, \u201cproducir noticias falsas\u201d y \u201cmentirosas\u201d, as\u00ed como tambi\u00e9n de recibir dinero para ello y \u201cgenerar psico-terror\u201d a la poblaci\u00f3n, entre otros. Asimismo, aumentaron las acusaciones refiri\u00e9ndose a que las acciones de las organizaciones y de las personas defensoras tienen \u201cfines desestabilizadores\u201d, \u201cterroristas\u201d, o de \u201cpromover injerencia, invasiones o similares\u201d.<\/p>\n\n\n\n<p>El Estado avanza respecto a la materializaci\u00f3n de sus amenazas de aprobaci\u00f3n de una Ley de Cooperaci\u00f3n Internacional.<\/p>\n\n\n\n<p>Ante la profundizaci\u00f3n de la Pol\u00edtica de Criminalizaci\u00f3n, y el recrudecimiento de los patrones violentos y represivos, exhortamos al Estado a cesar de inmediato las acciones tendientes a limitar y afectar la defensa y exigencia de derechos humanos.<\/p>\n\n\n\n<p><strong><span class=\"has-inline-color has-accent-color\">LA PROVIDENCIA AMINISTRATIVA 001 UN NUEVO INSTRUMENTO PARA RESTRINGIR Y CONTROLAR A LAS ORGANIZACIONES DE LA SOCIEDAD CIVIL<\/span><\/strong><\/p>\n\n\n\n<p>Durante abril se agudizaron las acciones dirigidas a criminalizar el trabajo de las organizaciones y personas que trabajan promoviendo y defendiendo los derechos humanos, as\u00ed como brindando respuestas a la poblaci\u00f3n m\u00e1s vulnerable afectada por las consecuencias de la Emergencia Humanitaria Compleja y la pandemia por la Covid-19.<\/p>\n\n\n\n<p>Como parte de la reducci\u00f3n del Espacio C\u00edvico y Democr\u00e1tico el Estado persiste en la adecuaci\u00f3n del andamiaje legal y normativo para controlar y restringir el trabajo de las organizaciones. Bajo un aparente manto legal la representaci\u00f3n estatal toma acciones tendientes a cerrar los espacios operativos de las organizaciones, estableciendo nuevos requisitos de forma ambigua y arbitraria, para su pleno funcionamiento legal.<\/p>\n\n\n\n<p><strong><span class=\"has-inline-color has-accent-color\">LA DEFENSA Y EXIGENCIA DE DERECHOS HUMANOS EN VENEZUELA SIGUE PRESENT\u00c1NDOSE COMO UNA LABOR DE RIESGO.<\/span><\/strong><\/p>\n\n\n\n<p>Las organizaciones y personas defensoras se enfrentan a un contexto cada vez m\u00e1s hostil y restrictivo para el ejercicio de sus labores bajo el amparo de la Doctrina de la Seguridad Nacional.<\/p>\n\n\n\n<p>El aumento de la represi\u00f3n y la reducci\u00f3n al espacio c\u00edvico y democr\u00e1tico, representa un grave obst\u00e1culo al trabajo de las organizaciones defensoras de derechos humanos y de trabajo humanitario.&nbsp; La profundizaci\u00f3n del control social ejercido por el Estado y la sistematicidad de la Pol\u00edtica de Criminalizaci\u00f3n representan una grave amenaza para la sociedad civil.<\/p>\n\n\n\n<p><strong><span class=\"has-inline-color has-primary-color\">Te invitamos a descargar nuestro\u00a0reporte\u00a0y conocer los detalles:<\/span> <\/strong><a href=\"https:\/\/centrodefensores.org.ve\/wp-content\/uploads\/2021\/05\/ReporteCDJABRIL2021.pdf\" data-type=\"URL\" data-id=\"https:\/\/centrodefensores.org.ve\/wp-content\/uploads\/2021\/05\/ReporteCDJABRIL2021.pdf\" target=\"_blank\" rel=\"noreferrer noopener\">https:\/\/centrodefensores.org.ve\/wp-content\/uploads\/2021\/05\/ReporteCDJ-ABRIL2021.pdf<\/a><\/p>\n\n\n\n<p><strong><span class=\"has-inline-color has-secondary-color\">Para contactarnos:<\/span>&nbsp;<a rel=\"noreferrer noopener\" href=\"mailto:centrodefensores@gmail.com\" target=\"_blank\">centrodefensores@gmail.com<\/a>, <span class=\"has-inline-color has-secondary-color\">Twitter&nbsp;@DefensoresDDHH_ Instagram @centrodefensores<\/span><\/strong><\/p>\n","protected":false},"excerpt":{"rendered":"<p>El Centro para los Defensores y la Justicia (CDJ) registr\u00f3 115 ataques e incidentes de seguridad durante abril de 2021 en Venezuela. Contin\u00faa el aumento de las violaciones al derecho a la defensa y exigencia de derechos humanos en el marco de la agudizaci\u00f3n de las restricciones al espacio c\u00edvico y democr\u00e1tico y la Emergencia [&hellip;]<\/p>\n","protected":false},"author":1,"featured_media":0,"comment_status":"closed","ping_status":"closed","sticky":false,"template":"","format":"standard","meta":{"footnotes":""},"categories":[1],"tags":[16,10,15],"class_list":["post-225","post","type-post","status-publish","format-standard","hentry","category-informes-cdj","tag-cdjabril2021","tag-hablemosddhh-2","tag-reportecdj-2"],"_links":{"self":[{"href":"https:\/\/centrodefensores.org.ve\/index.php?rest_route=\/wp\/v2\/posts\/225","targetHints":{"allow":["GET"]}}],"collection":[{"href":"https:\/\/centrodefensores.org.ve\/index.php?rest_route=\/wp\/v2\/posts"}],"about":[{"href":"https:\/\/centrodefensores.org.ve\/index.php?rest_route=\/wp\/v2\/types\/post"}],"author":[{"embeddable":true,"href":"https:\/\/centrodefensores.org.ve\/index.php?rest_route=\/wp\/v2\/users\/1"}],"replies":[{"embeddable":true,"href":"https:\/\/centrodefensores.org.ve\/index.php?rest_route=%2Fwp%2Fv2%2Fcomments&post=225"}],"version-history":[{"count":5,"href":"https:\/\/centrodefensores.org.ve\/index.php?rest_route=\/wp\/v2\/posts\/225\/revisions"}],"predecessor-version":[{"id":271,"href":"https:\/\/centrodefensores.org.ve\/index.php?rest_route=\/wp\/v2\/posts\/225\/revisions\/271"}],"wp:attachment":[{"href":"https:\/\/centrodefensores.org.ve\/index.php?rest_route=%2Fwp%2Fv2%2Fmedia&parent=225"}],"wp:term":[{"taxonomy":"category","embeddable":true,"href":"https:\/\/centrodefensores.org.ve\/index.php?rest_route=%2Fwp%2Fv2%2Fcategories&post=225"},{"taxonomy":"post_tag","embeddable":true,"href":"https:\/\/centrodefensores.org.ve\/index.php?rest_route=%2Fwp%2Fv2%2Ftags&post=225"}],"curies":[{"name":"wp","href":"https:\/\/api.w.org\/{rel}","templated":true}]}}