{"id":292,"date":"2021-08-24T09:00:00","date_gmt":"2021-08-24T09:00:00","guid":{"rendered":"https:\/\/centrodefensores.org.ve\/?p=292"},"modified":"2021-08-26T17:20:49","modified_gmt":"2021-08-26T17:20:49","slug":"situacion-de-las-personas-defensoras-de-derechos-humanos-en-venezuela-julio-2021","status":"publish","type":"post","link":"https:\/\/centrodefensores.org.ve\/?p=292","title":{"rendered":"SITUACI\u00d3N DE LAS PERSONAS DEFENSORAS DE DERECHOS HUMANOS EN VENEZUELA &#8211; Julio 2021"},"content":{"rendered":"\n<p><span class=\"has-inline-color has-accent-color\">\u2013<\/span><\/p>\n\n\n\n<p><strong><span class=\"has-inline-color has-accent-color\">JULIO&nbsp;DE 2021<\/span><\/strong><\/p>\n\n\n\n<p><strong><span class=\"has-inline-color has-accent-color\">JULIO EL MES CON M\u00c1S ATAQUES EN CONTRA DE DEFENSORES EN LO QUE VA DE A\u00d1O<\/span><\/strong><\/p>\n\n\n\n<figure class=\"wp-block-image size-large\"><img fetchpriority=\"high\" decoding=\"async\" width=\"1024\" height=\"492\" src=\"https:\/\/centrodefensores.org.ve\/wp-content\/uploads\/2021\/08\/AtaquesJulio2021-1024x492.png\" alt=\"\" class=\"wp-image-293\" srcset=\"https:\/\/centrodefensores.org.ve\/wp-content\/uploads\/2021\/08\/AtaquesJulio2021-1024x492.png 1024w, https:\/\/centrodefensores.org.ve\/wp-content\/uploads\/2021\/08\/AtaquesJulio2021-300x144.png 300w, https:\/\/centrodefensores.org.ve\/wp-content\/uploads\/2021\/08\/AtaquesJulio2021-768x369.png 768w, https:\/\/centrodefensores.org.ve\/wp-content\/uploads\/2021\/08\/AtaquesJulio2021.png 1026w\" sizes=\"(max-width: 1024px) 100vw, 1024px\" \/><\/figure>\n\n\n\n<p><span class=\"has-inline-color has-primary-color\">El Centro para los Defensores y la Justicia (CDJ) registr\u00f3 <strong>140 ataques e incidentes de seguridad.<\/strong><\/span><\/p>\n\n\n\n<p><span class=\"has-inline-color has-primary-color\">El derecho a defender, promover y exigir los derechos humanos se encuentra bajo un constante ataque por parte del Estado. El entorno para su ejercicio es m\u00e1s hostil y adverso a medida que se profundiza la Pol\u00edtica de Criminalizaci\u00f3n.<\/span><\/p>\n\n\n\n<p><span class=\"has-inline-color has-primary-color\">El Estado venezolano recrudece la Pol\u00edtica de Criminalizaci\u00f3n en contra de las organizaciones y personas defensoras de derechos humanos. La L\u00f3gica del Enemigo Interno se profundiza y los riesgos para quienes se encuentran en primera l\u00ednea de acci\u00f3n defendiendo, promoviendo y exigiendo derechos aumentan.<\/span><\/p>\n\n\n\n<p><span class=\"has-inline-color has-primary-color\">La violencia de Estado y la represi\u00f3n siguen siendo ejercidos como una forma de limitar el actuar de las organizaciones y personas que documentan y denuncian la crisis, como parte del control social y las medidas tendientes a la reducci\u00f3n del espacio c\u00edvico y democr\u00e1tico en el pa\u00eds.<\/span><\/p>\n\n\n\n<p><span class=\"has-inline-color has-primary-color\">Las labores de documentaci\u00f3n, denuncia, visibilizaci\u00f3n y acompa\u00f1amiento no son delito. La cooperaci\u00f3n, interacci\u00f3n e incidencia internacional son acciones leg\u00edtimas y el Estado no debe criminalizar a quienes las ejercen.<\/span><\/p>\n\n\n\n<p><span class=\"has-inline-color has-primary-color\">Los 140 ataques e incidentes de seguridad documentados en este lapso pueden verse reflejados principalmente en los siguientes patrones de agresi\u00f3n:<\/span><\/p>\n\n\n\n<figure class=\"wp-block-image size-large\"><img decoding=\"async\" width=\"915\" height=\"772\" src=\"https:\/\/centrodefensores.org.ve\/wp-content\/uploads\/2021\/08\/CaracterizacionJulio2021.png\" alt=\"\" class=\"wp-image-294\" srcset=\"https:\/\/centrodefensores.org.ve\/wp-content\/uploads\/2021\/08\/CaracterizacionJulio2021.png 915w, https:\/\/centrodefensores.org.ve\/wp-content\/uploads\/2021\/08\/CaracterizacionJulio2021-300x253.png 300w, https:\/\/centrodefensores.org.ve\/wp-content\/uploads\/2021\/08\/CaracterizacionJulio2021-768x648.png 768w\" sizes=\"(max-width: 915px) 100vw, 915px\" \/><\/figure>\n\n\n\n<p><strong><span class=\"has-inline-color has-accent-color\">LA L\u00d3GICA DEL ENEMIGO INTERNO APLICADA EN CONTRA DE LA DEFENSA Y EXIGENCIA DE DERECHOS HUMANOS<\/span><\/strong><\/p>\n\n\n\n<p><span class=\"has-inline-color has-primary-color\">La violencia ejercida por el Estado sigue manifest\u00e1ndose en distintas formas en contra de la sociedad civil venezolana. La represi\u00f3n, el control social y la Pol\u00edtica de Criminalizaci\u00f3n sigue afectando de forma particular a las personas y organizaciones de derechos humanos y de acci\u00f3n humanitaria.<\/span><\/p>\n\n\n\n<p><span class=\"has-inline-color has-primary-color\">Por medio de agresiones y limitaciones legales y obstaculizaciones administrativas, el Estado afecta las labores leg\u00edtimas de las personas y organizaciones. La sistematicidad de los patrones represivos evidencia la vulneraci\u00f3n el derecho a la defensa y exigencia de derechos humanos en Venezuela.<\/span><\/p>\n\n\n\n<p><span class=\"has-inline-color has-primary-color\">Durante julio se intensificaron las campa\u00f1as de estigmatizaci\u00f3n y los se\u00f1alamientos por parte de altos funcionarios del Estado acusando a las organizaciones de \u201cdesestabilizadoras\u201d, \u201cinjerencistas\u201d, \u201cterroristas\u201d, entre otros.<\/span><\/p>\n\n\n\n<p><span class=\"has-inline-color has-primary-color\">Asimismo, en el marco de las acciones emprendidas por el Estado como parte de su estrategia para disminuir el espacio c\u00edvico y democr\u00e1tico, aumentaron las detenciones y acusaciones en contra de personas y organizaciones consideradas por este como enemigas, por ser inc\u00f3modas a los intereses del Estado.<\/span><\/p>\n\n\n\n<p><span class=\"has-inline-color has-primary-color\">Se materializan las amenazas de judicializaci\u00f3n, investigaci\u00f3n y detenci\u00f3n de personas defensoras de derechos humanos conforme a la aplicaci\u00f3n de instrumentos normativos que han sido creados con el fin de obstaculizar la defensa y exigencia de derechos y para propiciar la criminalizaci\u00f3n y control de las organizaciones, evidenciando que defender derechos humanos en Venezuela se constituye como una labor de riesgo.<\/span><\/p>\n\n\n\n<p><span class=\"has-inline-color has-primary-color\">El uso de legislaci\u00f3n y tribunales con competencia en contra del terrorismo y la delincuencia organizada para criminalizar la defensa y exigencia de derechos se intensifica, mientras permanece vigente la Providencia Administrativa N\u00b0 ONCDOFT-002-2021 como amenaza al pleno ejercicio del derecho a la libertad de asociaci\u00f3n.<\/span><\/p>\n\n\n\n<p><span class=\"has-inline-color has-primary-color\">A medida que se profundiza el cierre del espacio c\u00edvico y democr\u00e1tico en el pa\u00eds, los patrones de agresi\u00f3n y amedrentamiento que hacen parte de la Pol\u00edtica de Criminalizaci\u00f3n agravan la situaci\u00f3n de riesgo de quienes promueven, defienden y exigen el respeto, garant\u00eda y protecci\u00f3n de los derechos humanos. Quedando adem\u00e1s en una situaci\u00f3n de desprotecci\u00f3n ante la falta de institucionalidad democr\u00e1tica y la inexistencia de independencia de poderes que eviten la impunidad ante las violaciones cometidas.<\/span><\/p>\n\n\n\n<p><strong><span class=\"has-inline-color has-accent-color\">EL MOVIMIENTO DE DERECHOS HUMANOS PERMANECE UNIDO Y RECHAZA LA POL\u00cdTICA DE CRIMINALIZACI\u00d3N DEL ESTADO<\/span><\/strong><\/p>\n\n\n\n<p><span class=\"has-inline-color has-primary-color\">Ante el aumento de las agresiones, limitaciones y obstaculizaciones en contra del trabajo de las organizaciones de derechos humanos y de acci\u00f3n humanitarias en Venezuela, la sociedad civil ha permanecido unida demostrando que sus actividades por la promoci\u00f3n y defensa de derechos es necesaria ante la emergencia humanitaria compleja existente en el pa\u00eds.<\/span><\/p>\n\n\n\n<p><span class=\"has-inline-color has-primary-color\">A pesar del agravamiento de los patrones de agresi\u00f3n y del aumento de la violencia que se suma a las distintas dificultades y limitantes producto de la crisis socio-econ\u00f3mica debe destacarse que el movimiento de derechos humanos en el pa\u00eds se mantiene firme en el ejercicio de sus actividades en beneficio de la poblaci\u00f3n, y a pesar de los riesgos, se mantienen en primera l\u00ednea de acci\u00f3n realizando su trabajo a pesar de la Pol\u00edtica de Criminalizaci\u00f3n, demostrando que sus acciones en pro de la paz y la dignidad humana son necesarias para la vigencia de los derechos humanos y la recuperaci\u00f3n de un sistema democr\u00e1tico y del Estado de Derecho.<\/span><\/p>\n\n\n\n<p><strong><span class=\"has-inline-color has-accent-color\">Te invitamos a descargar nuestro\u00a0reporte\u00a0y conocer los detalles:<\/span><\/strong> <strong><span class=\"has-inline-color has-accent-color\">\u00a0<a rel=\"noreferrer noopener\" href=\"https:\/\/centrodefensores.org.ve\/wp-content\/uploads\/2021\/08\/ReporteCDJ-Julio2021.pdf\" data-type=\"URL\" data-id=\"https:\/\/centrodefensores.org.ve\/wp-content\/uploads\/2021\/08\/ReporteCDJ-Julio2021.pdf\" target=\"_blank\">https:\/\/centrodefensores.org.ve\/wp-content\/uploads\/2021\/08\/ReporteCDJ-Julio2021.pdf<\/a><\/span><\/strong><\/p>\n\n\n\n<p><strong><span class=\"has-inline-color has-accent-color\">In English: <\/span><\/strong><a href=\"https:\/\/centrodefensores.org.ve\/wp-content\/uploads\/2021\/08\/ReportCDJ-July201.pdf\" data-type=\"URL\" data-id=\"https:\/\/centrodefensores.org.ve\/wp-content\/uploads\/2021\/08\/ReportCDJ-July201.pdf\"><strong>https:\/\/centrodefensores.org.ve\/wp-content\/uploads\/2021\/08\/ReportCDJ-July201.pdf<\/strong><\/a><\/p>\n\n\n\n<p><strong><span class=\"has-inline-color has-subtle-background-color\">Para contactarnos:&nbsp;<\/span><\/strong><a rel=\"noreferrer noopener\" href=\"mailto:centrodefensores@gmail.com\" target=\"_blank\"><span class=\"has-inline-color has-subtle-background-color\"><strong>centrodefensores@gmail.com<\/strong><\/span><\/a><strong><span class=\"has-inline-color has-subtle-background-color\">, Twitter&nbsp;@DefensoresDDHH_ Instagram @centrodefensores<\/span><\/strong><\/p>\n","protected":false},"excerpt":{"rendered":"<p>\u2013 JULIO&nbsp;DE 2021 JULIO EL MES CON M\u00c1S ATAQUES EN CONTRA DE DEFENSORES EN LO QUE VA DE A\u00d1O El Centro para los Defensores y la Justicia (CDJ) registr\u00f3 140 ataques e incidentes de seguridad. El derecho a defender, promover y exigir los derechos humanos se encuentra bajo un constante ataque por parte del Estado. [&hellip;]<\/p>\n","protected":false},"author":1,"featured_media":0,"comment_status":"closed","ping_status":"closed","sticky":false,"template":"","format":"standard","meta":{"footnotes":""},"categories":[1],"tags":[10,15,17],"class_list":["post-292","post","type-post","status-publish","format-standard","hentry","category-informes-cdj","tag-hablemosddhh-2","tag-reportecdj-2","tag-reportecdj2021"],"_links":{"self":[{"href":"https:\/\/centrodefensores.org.ve\/index.php?rest_route=\/wp\/v2\/posts\/292","targetHints":{"allow":["GET"]}}],"collection":[{"href":"https:\/\/centrodefensores.org.ve\/index.php?rest_route=\/wp\/v2\/posts"}],"about":[{"href":"https:\/\/centrodefensores.org.ve\/index.php?rest_route=\/wp\/v2\/types\/post"}],"author":[{"embeddable":true,"href":"https:\/\/centrodefensores.org.ve\/index.php?rest_route=\/wp\/v2\/users\/1"}],"replies":[{"embeddable":true,"href":"https:\/\/centrodefensores.org.ve\/index.php?rest_route=%2Fwp%2Fv2%2Fcomments&post=292"}],"version-history":[{"count":4,"href":"https:\/\/centrodefensores.org.ve\/index.php?rest_route=\/wp\/v2\/posts\/292\/revisions"}],"predecessor-version":[{"id":300,"href":"https:\/\/centrodefensores.org.ve\/index.php?rest_route=\/wp\/v2\/posts\/292\/revisions\/300"}],"wp:attachment":[{"href":"https:\/\/centrodefensores.org.ve\/index.php?rest_route=%2Fwp%2Fv2%2Fmedia&parent=292"}],"wp:term":[{"taxonomy":"category","embeddable":true,"href":"https:\/\/centrodefensores.org.ve\/index.php?rest_route=%2Fwp%2Fv2%2Fcategories&post=292"},{"taxonomy":"post_tag","embeddable":true,"href":"https:\/\/centrodefensores.org.ve\/index.php?rest_route=%2Fwp%2Fv2%2Ftags&post=292"}],"curies":[{"name":"wp","href":"https:\/\/api.w.org\/{rel}","templated":true}]}}