{"id":352,"date":"2022-01-27T12:00:00","date_gmt":"2022-01-27T12:00:00","guid":{"rendered":"https:\/\/centrodefensores.org.ve\/?p=352"},"modified":"2022-01-27T12:00:01","modified_gmt":"2022-01-27T12:00:01","slug":"situacion-de-las-personas-defensoras-de-derechos-humanos-en-venezuela-ano-2021","status":"publish","type":"post","link":"https:\/\/centrodefensores.org.ve\/?p=352","title":{"rendered":"SITUACI\u00d3N DE LAS PERSONAS DEFENSORAS DE DERECHOS HUMANOS EN VENEZUELA &#8211; A\u00f1o 2021"},"content":{"rendered":"\n<p><span class=\"has-inline-color has-accent-color\">\u2013<\/span><\/p>\n\n\n\n<p><strong><span class=\"has-inline-color has-accent-color\">INFORME ANUAL &#8211; 2021<\/span><\/strong><\/p>\n\n\n\n<p><strong><span class=\"has-inline-color has-accent-color\">ATAQUES A LA DEFENSA DE DERECHOS HUMANOS AUMENTARON 145% DURANTE EL A\u00d1O 2021<\/span><\/strong><\/p>\n\n\n\n<p><span class=\"has-inline-color has-primary-color\">El Centro para los Defensores y la Justicia (CDJ) <strong>registr\u00f3 743 ataques e incidentes de seguridad durante el a\u00f1o 2021<\/strong>, lo que representa un aumento de 145% en relaci\u00f3n al mismo per\u00edodo en 2020, cuando fueron 303.<\/span><\/p>\n\n\n\n<figure class=\"wp-block-image size-large\"><img fetchpriority=\"high\" decoding=\"async\" width=\"1024\" height=\"492\" src=\"https:\/\/centrodefensores.org.ve\/wp-content\/uploads\/2022\/01\/AtaquesAnual2021-1024x492.png\" alt=\"\" class=\"wp-image-353\" srcset=\"https:\/\/centrodefensores.org.ve\/wp-content\/uploads\/2022\/01\/AtaquesAnual2021-1024x492.png 1024w, https:\/\/centrodefensores.org.ve\/wp-content\/uploads\/2022\/01\/AtaquesAnual2021-300x144.png 300w, https:\/\/centrodefensores.org.ve\/wp-content\/uploads\/2022\/01\/AtaquesAnual2021-768x369.png 768w, https:\/\/centrodefensores.org.ve\/wp-content\/uploads\/2022\/01\/AtaquesAnual2021.png 1026w\" sizes=\"(max-width: 1024px) 100vw, 1024px\" \/><\/figure>\n\n\n\n<p><span class=\"has-inline-color has-primary-color\">2021 estuvo marcado por el aumento de las restricciones al espacio c\u00edvico y democr\u00e1tico en Venezuela, donde la Pol\u00edtica de Criminalizaci\u00f3n, Represi\u00f3n y Control Social recrudeci\u00f3, generando graves afectaciones a las libertades fundamentales, principalmente los derechos a la asociaci\u00f3n, reuni\u00f3n, manifestaci\u00f3n, expresi\u00f3n, opini\u00f3n y defensa de derechos humanos.<\/span><\/p>\n\n\n\n<figure class=\"wp-block-image size-full\"><img decoding=\"async\" width=\"1010\" height=\"761\" src=\"https:\/\/centrodefensores.org.ve\/wp-content\/uploads\/2022\/01\/DistribucionPorMes2021.png\" alt=\"\" class=\"wp-image-354\" srcset=\"https:\/\/centrodefensores.org.ve\/wp-content\/uploads\/2022\/01\/DistribucionPorMes2021.png 1010w, https:\/\/centrodefensores.org.ve\/wp-content\/uploads\/2022\/01\/DistribucionPorMes2021-300x226.png 300w, https:\/\/centrodefensores.org.ve\/wp-content\/uploads\/2022\/01\/DistribucionPorMes2021-768x579.png 768w\" sizes=\"(max-width: 1010px) 100vw, 1010px\" \/><\/figure>\n\n\n\n<p><span class=\"has-inline-color has-primary-color\">Las agresiones y obstaculizaciones en contra de las personas y organizaciones defensoras de derechos humanos y de acci\u00f3n humanitaria aumentaron, siendo uno de los a\u00f1os m\u00e1s complejos y hostiles para el ejercicio de acciones en torno a la defensa, exigencia y promoci\u00f3n de derechos y la actividad humanitaria en el pa\u00eds.<\/span><\/p>\n\n\n\n<p><span class=\"has-inline-color has-primary-color\">El Estado venezolano sigui\u00f3 aplicando la Tesis del Enemigo Interno y la Doctrina de la Seguridad Nacional mediante acciones contrarias a sus obligaciones internacionales, agrediendo a quienes se encuentran en primera l\u00ednea de acci\u00f3n, en atenci\u00f3n de la crisis social y de derechos humanos.<\/span><\/p>\n\n\n\n<p><span class=\"has-inline-color has-primary-color\">Aumentaron los niveles de riesgo para el Movimiento de Derechos Humanos en el pa\u00eds. El incremento del uso del derecho penal para perseguir y la promulgaci\u00f3n de nuevos instrumentos normativos asociados a temas de terrorismo, delincuencia organizada y legitimaci\u00f3n de capitales, fueron empleados para justificar la Tesis del Enemigo Interno, sumado a la inexistencia de mecanismos o Pol\u00edticas Pblicas tendientes a la promoci\u00f3n y protecci\u00f3n de trabajo de las personas y organizaciones defensoras de derechos humanos.<\/span><\/p>\n\n\n\n<p><span class=\"has-inline-color has-primary-color\">El entorno para la defensa, promoci\u00f3n y exigencia de los derechos humanos se torn\u00f3 cada vez m\u00e1s hostil y restrictivo con el pasar de los d\u00edas debido a las distintas circunstancias adversas que rodean y condicionan el contexto en el cual se desenvuelven quienes defienden y exigen derechos en Venezuela.<\/span><\/p>\n\n\n\n<figure class=\"wp-block-image size-full\"><img decoding=\"async\" width=\"996\" height=\"652\" src=\"https:\/\/centrodefensores.org.ve\/wp-content\/uploads\/2022\/01\/Comparativo-2020-2021.png\" alt=\"\" class=\"wp-image-355\" srcset=\"https:\/\/centrodefensores.org.ve\/wp-content\/uploads\/2022\/01\/Comparativo-2020-2021.png 996w, https:\/\/centrodefensores.org.ve\/wp-content\/uploads\/2022\/01\/Comparativo-2020-2021-300x196.png 300w, https:\/\/centrodefensores.org.ve\/wp-content\/uploads\/2022\/01\/Comparativo-2020-2021-768x503.png 768w\" sizes=\"(max-width: 996px) 100vw, 996px\" \/><\/figure>\n\n\n\n<p><span class=\"has-inline-color has-primary-color\">Los 743 ataques e incidentes de seguridad documentados en este lapso pueden verse reflejados principalmente en los siguientes patrones de agresi\u00f3n. &nbsp;<\/span><\/p>\n\n\n\n<figure class=\"wp-block-image size-full\"><img loading=\"lazy\" decoding=\"async\" width=\"961\" height=\"917\" src=\"https:\/\/centrodefensores.org.ve\/wp-content\/uploads\/2022\/01\/CaracterizacionAnual2021.png\" alt=\"\" class=\"wp-image-356\" srcset=\"https:\/\/centrodefensores.org.ve\/wp-content\/uploads\/2022\/01\/CaracterizacionAnual2021.png 961w, https:\/\/centrodefensores.org.ve\/wp-content\/uploads\/2022\/01\/CaracterizacionAnual2021-300x286.png 300w, https:\/\/centrodefensores.org.ve\/wp-content\/uploads\/2022\/01\/CaracterizacionAnual2021-768x733.png 768w\" sizes=\"(max-width: 961px) 100vw, 961px\" \/><\/figure>\n\n\n\n<p><strong><span class=\"has-inline-color has-accent-color\">LA L\u00d3GICA DEL ENEMIGO INTERNO LA BASE PARA LA CRIMINALIZACI\u00d3N DE LAS ACCIONES DE DEFENSA Y EXIGENCIA DE DERECHOS HUMANOS<\/span><\/strong><\/p>\n\n\n\n<p>En 2021 el entorno para la defensa de los derechos humanos y la respuesta ante la Emergencia Humanitaria Compleja, agravada por la pande<span class=\"has-inline-color has-primary-color\">mia del Covid-19, se torn\u00f3 cada vez m\u00e1s hostil y restrictivo para quienes defienden y exigen derechos en Venezuela. El aumento de las restricciones al espacio c\u00edvico y democr\u00e1tico represent\u00f3 una grave amenaza a la defensa, exigencia y promoci\u00f3n de derechos humanos.<\/span><\/p>\n\n\n\n<p><span class=\"has-inline-color has-primary-color\">La agudizaci\u00f3n de las violaciones en contra del derecho a defender derechos humanos continu\u00f3 durante el a\u00f1o. Sistem\u00e1ticamente el Estado aplic\u00f3 distintas formas de violencia para limitar, obstaculizar y afectar las labores de personas y organizaciones defensoras de derechos humanos bas\u00e1ndose en la Tesis del Enemigo Interno<\/span>.<\/p>\n\n\n\n<p><span class=\"has-inline-color has-primary-color\">Los patrones de agresi\u00f3n y amedrentamiento que hacen parte de la Pol\u00edtica de Criminalizaci\u00f3n reflejan las acciones represivas y de control social que ejerce el Estado en un entorno de graves restricciones al espacio c\u00edvico y democr\u00e1tico.<\/span><\/p>\n\n\n\n<p><span class=\"has-inline-color has-primary-color\">La estigmatizaci\u00f3n como la base para avalar y facilitar la criminalizaci\u00f3n, los distintos discursos descalificatorios, llamados a la violencia, se\u00f1alamientos de \u201cenemigos\u201d, \u201ctraidores\u201d, \u201cagentes desestabilizadores\u201d entre otros , sumados al uso de la legislaci\u00f3n penal y otros instrumentos normativos contrarios a las obligaciones del Estado de cara a la promoci\u00f3n y protecci\u00f3n de la defensa de derecho humanos,&nbsp; se emplearon con el fin impedir, controlar y obstaculizar las acciones de documentaci\u00f3n, denuncia, incidencia, cooperaci\u00f3n y acci\u00f3n humanitaria, ejercida por las organizaciones no gubernamentales para hacer frente a crisis socio-pol\u00edtica y de derechos humanos existente en el pa\u00eds y asistir y acompa\u00f1ar a las v\u00edctimas de los abusos y cr\u00edmenes cometidos por el Estado en sus procesos de verdad, justicia y reparaci\u00f3n.<\/span><\/p>\n\n\n\n<p>Las medidas represivas y de control social fueron aplicadas con mayor fuerza en contra de quienes realizan actividades relacionadas a la reivindicaci\u00f3n y protecci\u00f3n de derechos aumentando la violencia en su contra. Esto se evidencia en el incremento de los actos de intimidaci\u00f3n el hostigamiento y la materializaci\u00f3n de amenazas en inicio de investigaciones y procesos penales, detenciones arbitrarias, allanamientos, sin que existan mecanismos efectivos que garanticen el ejercicio de su labor.<\/p>\n\n\n\n<p><span class=\"has-inline-color has-primary-color\">El Estado sigue sin garantizar un entorno propicio y seguro para el movimiento de derechos humanos. Las organizaciones y personas defensoras se encuentran en un estado de absoluta desprotecci\u00f3n, no solo ante la ausencia de medidas efectivas que garanticen su protecci\u00f3n y la de su trabajo, sino adem\u00e1s ante la falta de investigaci\u00f3n y sanci\u00f3n de los hechos ocurridos en su contra por parte de los organismos competentes tras el quiebre institucional y la cooptaci\u00f3n de los poderes p\u00fablicos.<\/span><\/p>\n\n\n\n<p><strong><span class=\"has-inline-color has-primary-color\">El CDJ expresa su preocupaci\u00f3n ante las distintas situaciones documentadas durante el a\u00f1o 2021, toda vez que, con la reducci\u00f3n del espacio c\u00edvico y democr\u00e1tico, y la profundizaci\u00f3n de los patrones represivos, criminalizaci\u00f3n y control al movimiento de derechos humanos ha elevado los niveles de riesgo para el ejercicio de su labor; adem\u00e1s, se sienta un precedente ante el posible aumento de persecuci\u00f3n durante el 2022.<\/span><\/strong><\/p>\n\n\n\n<p><span class=\"has-inline-color has-primary-color\">Quienes realizan actividades de promoci\u00f3n, densa y exigencia de derechos deben poder hacerlo de manera segura, sin obstaculizaciones o limitaciones arbitrarias, y sin temor a ser objeto de represalias.<\/span><\/p>\n\n\n\n<p><strong><span class=\"has-inline-color has-accent-color\">Te invitamos a descargar nuestro\u00a0reporte\u00a0y conocer los detalles:<\/span><\/strong>\u00a0<strong><a rel=\"noreferrer noopener\" href=\"https:\/\/centrodefensores.org.ve\/wp-content\/uploads\/2022\/01\/CDJInformeAnual2021.pdf\" target=\"_blank\">https:\/\/centrodefensores.org.ve\/wp-content\/uploads\/2022\/01\/CDJInformeAnual2021.pdf<\/a><\/strong><\/p>\n\n\n\n<p><strong><span class=\"has-inline-color has-subtle-background-color\">Para contactarnos:<\/span>\u00a0<\/strong><a rel=\"noreferrer noopener\" href=\"mailto:centrodefensores@gmail.com\" target=\"_blank\"><strong>centrodefensores@gmail.com<\/strong><\/a><strong>, <span class=\"has-inline-color has-subtle-background-color\">Twitter\u00a0@DefensoresDDHH_ Instagram @centrodefensores, <\/span><\/strong><a href=\"http:\/\/www.centrodefensores.org.ve\"><strong>www.centrodefensores.org.ve<\/strong><\/a><\/p>\n\n\n\n<p><sub><span class=\"has-inline-color has-subtle-background-color\">***<\/span><\/sub><\/p>\n\n\n\n<p><span class=\"has-inline-color has-secondary-color\"><sub>Vea abajo la versi\u00f3n en ingl\u00e9s<\/sub> \/ <sub>English version below<\/sub><\/span><\/p>\n\n\n\n<p><span class=\"has-inline-color has-subtle-background-color\">***<\/span><\/p>\n\n\n\n<p><span class=\"has-inline-color has-accent-color\"><strong>We invite you to download our report and find out the details.<\/strong>&nbsp; <\/span><strong><a href=\"https:\/\/centrodefensores.org.ve\/wp-content\/uploads\/2022\/01\/CDJAnnualReport2021.pdf\">https:\/\/centrodefensores.org.ve\/wp-content\/uploads\/2022\/01\/CDJAnnualReport2021.pdf<\/a><\/strong><\/p>\n\n\n\n<p><\/p>\n","protected":false},"excerpt":{"rendered":"<p>\u2013 INFORME ANUAL &#8211; 2021 ATAQUES A LA DEFENSA DE DERECHOS HUMANOS AUMENTARON 145% DURANTE EL A\u00d1O 2021 El Centro para los Defensores y la Justicia (CDJ) registr\u00f3 743 ataques e incidentes de seguridad durante el a\u00f1o 2021, lo que representa un aumento de 145% en relaci\u00f3n al mismo per\u00edodo en 2020, cuando fueron 303. [&hellip;]<\/p>\n","protected":false},"author":1,"featured_media":0,"comment_status":"closed","ping_status":"closed","sticky":false,"template":"","format":"standard","meta":{"footnotes":""},"categories":[1],"tags":[10,21,15,17],"class_list":["post-352","post","type-post","status-publish","format-standard","hentry","category-informes-cdj","tag-hablemosddhh-2","tag-informeanualcdj2021","tag-reportecdj-2","tag-reportecdj2021"],"_links":{"self":[{"href":"https:\/\/centrodefensores.org.ve\/index.php?rest_route=\/wp\/v2\/posts\/352","targetHints":{"allow":["GET"]}}],"collection":[{"href":"https:\/\/centrodefensores.org.ve\/index.php?rest_route=\/wp\/v2\/posts"}],"about":[{"href":"https:\/\/centrodefensores.org.ve\/index.php?rest_route=\/wp\/v2\/types\/post"}],"author":[{"embeddable":true,"href":"https:\/\/centrodefensores.org.ve\/index.php?rest_route=\/wp\/v2\/users\/1"}],"replies":[{"embeddable":true,"href":"https:\/\/centrodefensores.org.ve\/index.php?rest_route=%2Fwp%2Fv2%2Fcomments&post=352"}],"version-history":[{"count":4,"href":"https:\/\/centrodefensores.org.ve\/index.php?rest_route=\/wp\/v2\/posts\/352\/revisions"}],"predecessor-version":[{"id":368,"href":"https:\/\/centrodefensores.org.ve\/index.php?rest_route=\/wp\/v2\/posts\/352\/revisions\/368"}],"wp:attachment":[{"href":"https:\/\/centrodefensores.org.ve\/index.php?rest_route=%2Fwp%2Fv2%2Fmedia&parent=352"}],"wp:term":[{"taxonomy":"category","embeddable":true,"href":"https:\/\/centrodefensores.org.ve\/index.php?rest_route=%2Fwp%2Fv2%2Fcategories&post=352"},{"taxonomy":"post_tag","embeddable":true,"href":"https:\/\/centrodefensores.org.ve\/index.php?rest_route=%2Fwp%2Fv2%2Ftags&post=352"}],"curies":[{"name":"wp","href":"https:\/\/api.w.org\/{rel}","templated":true}]}}