{"id":387,"date":"2022-02-10T15:00:00","date_gmt":"2022-02-10T15:00:00","guid":{"rendered":"https:\/\/centrodefensores.org.ve\/?p=387"},"modified":"2022-02-10T12:53:32","modified_gmt":"2022-02-10T12:53:32","slug":"represion-calculada-correlacion-entre-las-estigmatizaciones-y-las-detenciones-por-motivos-politicos-en-venezuela","status":"publish","type":"post","link":"https:\/\/centrodefensores.org.ve\/?p=387","title":{"rendered":"Represi\u00f3n calculada: Correlaci\u00f3n entre las estigmatizaciones y las detenciones por motivos pol\u00edticos en Venezuela"},"content":{"rendered":"\n<div class=\"wp-block-media-text alignwide is-stacked-on-mobile\"><figure class=\"wp-block-media-text__media\"><img fetchpriority=\"high\" decoding=\"async\" width=\"737\" height=\"1024\" src=\"https:\/\/centrodefensores.org.ve\/wp-content\/uploads\/2022\/02\/portada_Represion-calculada-737x1024.png\" alt=\"\" class=\"wp-image-381 size-full\" srcset=\"https:\/\/centrodefensores.org.ve\/wp-content\/uploads\/2022\/02\/portada_Represion-calculada-737x1024.png 737w, https:\/\/centrodefensores.org.ve\/wp-content\/uploads\/2022\/02\/portada_Represion-calculada-216x300.png 216w, https:\/\/centrodefensores.org.ve\/wp-content\/uploads\/2022\/02\/portada_Represion-calculada-768x1066.png 768w, https:\/\/centrodefensores.org.ve\/wp-content\/uploads\/2022\/02\/portada_Represion-calculada.png 898w\" sizes=\"(max-width: 737px) 100vw, 737px\" \/><\/figure><div class=\"wp-block-media-text__content\">\n<p>Amnist\u00eda Internacional, el Centro para los Defensores y la Justicia (CDJ) y el Foro Penal presentan nueva investigaci\u00f3n conjunta: \u201cRepresi\u00f3n calculada: Correlaci\u00f3n entre las estigmatizaciones y las detenciones arbitrarias por motivos pol\u00edticos en Venezuela\u201d .<\/p>\n\n\n\n<p>Utilizando distintos modelos de an\u00e1lisis estad\u00edstico, la investigaci\u00f3n se llev\u00f3 a cabo a lo largo de m\u00e1s de un a\u00f1o, con el fin de determinar el nivel de correlaci\u00f3n entre los ataques y mensajes estigmatizantes emitidos en medios de comunicaci\u00f3n con conexiones al gobierno de Nicol\u00e1s Maduro y las detenciones arbitrarias por motivos pol\u00edticos realizadas por las fuerzas de seguridad bajo su mando.<\/p>\n\n\n\n<p>Los hallazgos de esta investigaci\u00f3n ser\u00e1n de particular relevancia y utilidad en los procesos de justicia y escrutinio internacional, como la investigaci\u00f3n de la Fiscal\u00eda de la Corte Penal Internacional y el mandato de la Misi\u00f3n de Determinaci\u00f3n de los Hechos sobre Venezuela de la ONU.<\/p>\n\n\n\n<p>Detalles del informe: <a href=\"https:\/\/centrodefensores.org.ve\/wp-content\/uploads\/2022\/02\/Represion-calculada.pdf\" data-type=\"URL\" data-id=\"https:\/\/centrodefensores.org.ve\/wp-content\/uploads\/2022\/02\/Represion-calculada.pdf\" target=\"_blank\" rel=\"noreferrer noopener\">https:\/\/centrodefensores.org.ve\/wp-content\/uploads\/2022\/02\/Represion-calculada.pdf<\/a><\/p>\n\n\n\n<p>Versi\u00f3n en ingl\u00e9s \/ English version: <a href=\"https:\/\/centrodefensores.org.ve\/wp-content\/uploads\/2022\/02\/Calculated-repression.pdf\" data-type=\"URL\" data-id=\"https:\/\/centrodefensores.org.ve\/wp-content\/uploads\/2022\/02\/Calculated-repression.pdf\" target=\"_blank\" rel=\"noreferrer noopener\">https:\/\/centrodefensores.org.ve\/wp-content\/uploads\/2022\/02\/Calculated-repression.pdf<\/a><\/p>\n\n\n\n<p><\/p>\n<\/div><\/div>\n","protected":false},"excerpt":{"rendered":"<p>Amnist\u00eda Internacional, el Centro para los Defensores y la Justicia (CDJ) y el Foro Penal presentan nueva investigaci\u00f3n conjunta: \u201cRepresi\u00f3n calculada: Correlaci\u00f3n entre las estigmatizaciones y las detenciones arbitrarias por motivos pol\u00edticos en Venezuela\u201d . Utilizando distintos modelos de an\u00e1lisis estad\u00edstico, la investigaci\u00f3n se llev\u00f3 a cabo a lo largo de m\u00e1s de un a\u00f1o, [&hellip;]<\/p>\n","protected":false},"author":1,"featured_media":0,"comment_status":"closed","ping_status":"closed","sticky":false,"template":"","format":"standard","meta":{"footnotes":""},"categories":[1],"tags":[10,25,24],"class_list":["post-387","post","type-post","status-publish","format-standard","hentry","category-informes-cdj","tag-hablemosddhh-2","tag-justiciaparavenezuela","tag-represioncalculada"],"_links":{"self":[{"href":"https:\/\/centrodefensores.org.ve\/index.php?rest_route=\/wp\/v2\/posts\/387","targetHints":{"allow":["GET"]}}],"collection":[{"href":"https:\/\/centrodefensores.org.ve\/index.php?rest_route=\/wp\/v2\/posts"}],"about":[{"href":"https:\/\/centrodefensores.org.ve\/index.php?rest_route=\/wp\/v2\/types\/post"}],"author":[{"embeddable":true,"href":"https:\/\/centrodefensores.org.ve\/index.php?rest_route=\/wp\/v2\/users\/1"}],"replies":[{"embeddable":true,"href":"https:\/\/centrodefensores.org.ve\/index.php?rest_route=%2Fwp%2Fv2%2Fcomments&post=387"}],"version-history":[{"count":1,"href":"https:\/\/centrodefensores.org.ve\/index.php?rest_route=\/wp\/v2\/posts\/387\/revisions"}],"predecessor-version":[{"id":389,"href":"https:\/\/centrodefensores.org.ve\/index.php?rest_route=\/wp\/v2\/posts\/387\/revisions\/389"}],"wp:attachment":[{"href":"https:\/\/centrodefensores.org.ve\/index.php?rest_route=%2Fwp%2Fv2%2Fmedia&parent=387"}],"wp:term":[{"taxonomy":"category","embeddable":true,"href":"https:\/\/centrodefensores.org.ve\/index.php?rest_route=%2Fwp%2Fv2%2Fcategories&post=387"},{"taxonomy":"post_tag","embeddable":true,"href":"https:\/\/centrodefensores.org.ve\/index.php?rest_route=%2Fwp%2Fv2%2Ftags&post=387"}],"curies":[{"name":"wp","href":"https:\/\/api.w.org\/{rel}","templated":true}]}}