{"id":439,"date":"2022-07-25T12:00:00","date_gmt":"2022-07-25T12:00:00","guid":{"rendered":"https:\/\/centrodefensores.org.ve\/?p=439"},"modified":"2022-07-25T00:08:06","modified_gmt":"2022-07-25T00:08:06","slug":"situacion-de-las-personas-defensoras-de-derechos-humanos-en-venezuela-primer-semestre-2022","status":"publish","type":"post","link":"https:\/\/centrodefensores.org.ve\/?p=439","title":{"rendered":"SITUACI\u00d3N DE\u00a0LAS\u00a0PERSONAS\u00a0DEFENSORAS\u00a0DE\u00a0DERECHOS\u00a0HUMANOS\u00a0EN\u00a0VENEZUELA \u2013 Primer Semestre 2022"},"content":{"rendered":"\n<p class=\"has-accent-color has-text-color\">\u2013<\/p>\n\n\n\n<p class=\"has-accent-color has-text-color\"><strong>PRIMER SEMESTRE 2022<\/strong><\/p>\n\n\n\n<p class=\"has-primary-color has-text-color\">El Centro para los Defensores y la Justicia (CDJ) registr\u00f3 214 ataques e incidentes de seguridad entre enero y junio del 2022.<\/p>\n\n\n\n<figure class=\"wp-block-image size-large\"><img fetchpriority=\"high\" decoding=\"async\" width=\"1024\" height=\"492\" src=\"https:\/\/centrodefensores.org.ve\/wp-content\/uploads\/2022\/07\/Ataques1Semestre2022-1024x492.png\" alt=\"\" class=\"wp-image-440\" srcset=\"https:\/\/centrodefensores.org.ve\/wp-content\/uploads\/2022\/07\/Ataques1Semestre2022-1024x492.png 1024w, https:\/\/centrodefensores.org.ve\/wp-content\/uploads\/2022\/07\/Ataques1Semestre2022-300x144.png 300w, https:\/\/centrodefensores.org.ve\/wp-content\/uploads\/2022\/07\/Ataques1Semestre2022-768x369.png 768w, https:\/\/centrodefensores.org.ve\/wp-content\/uploads\/2022\/07\/Ataques1Semestre2022.png 1026w\" sizes=\"(max-width: 1024px) 100vw, 1024px\" \/><\/figure>\n\n\n\n<p class=\"has-primary-color has-text-color\">Durante el primer semestre de 2022 se document\u00f3 c\u00f3mo el Estado venezolano avanza en la ejecuci\u00f3n de patrones para obstaculizar, limitar y afectar las actividades de quienes se encuentran en primera l\u00ednea de acci\u00f3n, respondiendo a la crisis de derechos humanos.<\/p>\n\n\n\n<p class=\"has-primary-color has-text-color\">A pesar de observarse una disminuci\u00f3n en el n\u00famero de agresiones, se destaca que los riesgos se mantienen en un nivel alto para el movimiento de derechos humanos. Las amenazas, intimidaci\u00f3n, hostigamiento y campa\u00f1as de estigmatizaci\u00f3n siguen ocurriendo y son graves.<\/p>\n\n\n\n<p class=\"has-primary-color has-text-color\">En la medida en que no se tomen correctivos para garantizar un espacio c\u00edvico y democr\u00e1tico pleno y libre y mientras permanezcan vigentes las limitaciones legales a las actividades de promoci\u00f3n defensa y exigencia de derechos humanos, as\u00ed como la criminalizaci\u00f3n de las mismas seguir\u00e1 siendo un riesgo defender, promover y exigir derechos en el pa\u00eds.<\/p>\n\n\n\n<figure class=\"wp-block-image size-full\"><img decoding=\"async\" width=\"1001\" height=\"652\" src=\"https:\/\/centrodefensores.org.ve\/wp-content\/uploads\/2022\/07\/Ataques1Semestre2021-2022.png\" alt=\"\" class=\"wp-image-441\" srcset=\"https:\/\/centrodefensores.org.ve\/wp-content\/uploads\/2022\/07\/Ataques1Semestre2021-2022.png 1001w, https:\/\/centrodefensores.org.ve\/wp-content\/uploads\/2022\/07\/Ataques1Semestre2021-2022-300x195.png 300w, https:\/\/centrodefensores.org.ve\/wp-content\/uploads\/2022\/07\/Ataques1Semestre2021-2022-768x500.png 768w\" sizes=\"(max-width: 1001px) 100vw, 1001px\" \/><\/figure>\n\n\n\n<p class=\"has-accent-color has-text-color\"><strong>SIGUEN SIN TOMARSE MEDIDAS PARA GARANTIZAR EL ESPACIO C\u00cdVICO Y DEMOCR\u00c1TICO<\/strong><\/p>\n\n\n\n<p class=\"has-primary-color has-text-color\">El movimiento de derechos humanos sigue ejerciendo sus actividades en un entorno adverso y hostil. Persisten las medidas legales y f\u00e1cticas de \u00edndole autoritario que limitan y obstaculizan el trabajo de promoci\u00f3n, defensa y exigencia de derechos humanos.<\/p>\n\n\n\n<p class=\"has-primary-color has-text-color\">Durante el semestre, fue constante la intenci\u00f3n de asociar la promoci\u00f3n, defensa y exigencia de derechos humanos con actividades delictivas, especialmente al terrorismo, la desestabilizaci\u00f3n y atentar contra la paz del pa\u00eds. El Estado retom\u00f3 acciones para la aprobaci\u00f3n de una Ley de Cooperaci\u00f3n Internacional, con el fin de imponer mayores controles a la sociedad civil como parte de su Pol\u00edtica de Criminalizaci\u00f3n, representando una nueva amenaza para las organizaciones.<\/p>\n\n\n\n<p class=\"has-primary-color has-text-color\">No se han tomado acciones o correctivos ante las restricciones a las libertades fundamentales, por el contrario, se han perfeccionado los mecanismos de control. La tesis del Enemigo Interno fundamente la Pol\u00edtica de Criminalizaci\u00f3n y a partir de ello se materializan distintos tipos de ataque en contra de quienes se encuentran en primera l\u00ednea de acci\u00f3n documentando, denunciando y difundiendo los abusos, cr\u00edmenes de lesa humanidad y violaciones a los derechos humanos que siguen ocurriendo en el pa\u00eds.<\/p>\n\n\n\n<p class=\"has-primary-color has-text-color\">Los 214 ataques e incidentes de seguridad documentados reflejan entre los principales patrones de agresi\u00f3n y amedrentamiento los siguientes: &nbsp;<\/p>\n\n\n\n<figure class=\"wp-block-image size-full\"><img decoding=\"async\" width=\"889\" height=\"672\" src=\"https:\/\/centrodefensores.org.ve\/wp-content\/uploads\/2022\/07\/Caracterizacion1Semestre2022.png\" alt=\"\" class=\"wp-image-442\" srcset=\"https:\/\/centrodefensores.org.ve\/wp-content\/uploads\/2022\/07\/Caracterizacion1Semestre2022.png 889w, https:\/\/centrodefensores.org.ve\/wp-content\/uploads\/2022\/07\/Caracterizacion1Semestre2022-300x227.png 300w, https:\/\/centrodefensores.org.ve\/wp-content\/uploads\/2022\/07\/Caracterizacion1Semestre2022-768x581.png 768w\" sizes=\"(max-width: 889px) 100vw, 889px\" \/><\/figure>\n\n\n\n<p class=\"has-accent-color has-text-color\"><strong>LA CRIMINALIZACI\u00d3N BASADA EN LA TESIS DEL ENEMIGO INTERNO VULNERA EL DERECHO A DEFENDER PROMOVER Y EXIGIR DERECHOS HUMANOS<\/strong><\/p>\n\n\n\n<p class=\"has-primary-color has-text-color\">Al cierre del primer semestre del 2022 el CDJ contin\u00fao documentando la profundizaci\u00f3n de la Pol\u00edtica de Criminalizaci\u00f3n en contra de la defensa de los derechos humanos en el pa\u00eds.<\/p>\n\n\n\n<p class=\"has-primary-color has-text-color\">Durante estos seis meses, quienes defienden, exigen y promueven derechos humanos siguieron siendo calificados como enemigos internos que buscan desestabilizar la paz de la naci\u00f3n.&nbsp; Por ello se han empleado medidas y estrategias para neutralizar y obstaculizar su labor. En los \u00faltimos meses del per\u00edodo objeto de estudio, se agudizaron los patrones y modalidades de ataque en contra de la defensa, exigencia y promoci\u00f3n de los derechos humanos.<\/p>\n\n\n\n<p class=\"has-primary-color has-text-color\">Persistieron las campa\u00f1as estigmatizaci\u00f3n y descr\u00e9dito en contra de personas y organizaciones defensoras de derechos humanos, quienes fueron acusadas de trabajar en funci\u00f3n de intereses extranjeros, de promover actividades injerencistas y de publicar informaci\u00f3n falsa sobre la situaci\u00f3n de derechos humanos en el pa\u00eds. Los actos de intimidaci\u00f3n y hostigamiento en contra de personas y organizaciones defensoras aumentaron durante los \u00faltimos meses. A trav\u00e9s de declaraciones p\u00fablicas y de t\u00e1cticas de inteligencia, las personas defensoras continuaron siendo objeto de agresiones que, adem\u00e1s de generar temor, ponen en riesgo la vida e integridad de quienes defienden derechos humanos en el pa\u00eds.<\/p>\n\n\n\n<p class=\"has-primary-color has-text-color\">los actos de intimidaci\u00f3n y hostigamiento en contra de personas y organizaciones defensoras aumentaron durante los \u00faltimos meses. A trav\u00e9s de declaraciones p\u00fablicas y de t\u00e1cticas de inteligencia, las personas defensoras continuaron siendo objeto de agresiones que, adem\u00e1s de generar temor, ponen en riesgo la vida e integridad de quienes defienden derechos humanos en el pa\u00eds.<\/p>\n\n\n\n<p class=\"has-primary-color has-text-color\">El Estado Venezolano mantiene una Pol\u00edtica represiva, de criminalizaci\u00f3n y control social como parte de su car\u00e1cter autoritario, esta sigue afectando gravemente la libre y plena operatividad de las organizaciones y personas defensoras de derechos humanos, debido a las estrategias empleadas para la reducci\u00f3n del espacio c\u00edvico y democr\u00e1tico que afectan la promoci\u00f3n, defensa y exigencia de derechos humanos.<\/p>\n\n\n\n<p class=\"has-primary-color has-text-color\"><strong>CDJ exhorta al Estado venezolano a cesar de inmediato la criminalizaci\u00f3n de la defensa, exigencia y promoci\u00f3n de los derechos humanos y dar cumplimiento a sus obligaciones internacionales en la materia. Es necesario un entorno propicio y seguro para las personas y organizaciones defensoras de derechos humanos.<\/strong><strong><\/strong><\/p>\n\n\n\n<p class=\"has-primary-color has-text-color\">La Pol\u00edtica de Criminalizaci\u00f3n debe cesar de forma inmediata. Los actos de intimidaci\u00f3n, hostigamiento, estigmatizaci\u00f3n, agresi\u00f3n y amenazas deben investigarse; las leyes, mecanismos e instrumentos contrarios a la defensa y exigencia de derechos deben ser derogados y la institucionalidad y el Estado de Derecho deben ser restablecidos.<\/p>\n\n\n\n<p class=\"has-accent-color has-text-color\"><strong>Te invitamos a descargar nuestro\u00a0reporte\u00a0y conocer los detalles:<\/strong> <strong><a rel=\"noreferrer noopener\" href=\"https:\/\/centrodefensores.org.ve\/wp-content\/uploads\/2022\/07\/CDJReportePrimerSemestre2022.pdf\" target=\"_blank\">https:\/\/centrodefensores.org.ve\/wp-content\/uploads\/2022\/07\/CDJReportePrimerSemestre2022.pdf<\/a><\/strong><\/p>\n\n\n\n<p class=\"has-secondary-color has-text-color\"><strong>In English:\u00a0\u00a0https:\/\/centrodefensores.org.ve\/wp-content\/uploads\/2021\/10\/CDJSemestralReport2022.pdf<\/strong><\/p>\n\n\n\n<p class=\"has-subtle-background-color has-text-color\"><strong>Para contactarnos:&nbsp;<\/strong><a rel=\"noreferrer noopener\" href=\"mailto:centrodefensores@gmail.com\" target=\"_blank\"><strong>centrodefensores@gmail.com<\/strong><\/a><strong>, Twitter&nbsp;@DefensoresDDHH_ Instagram @centrodefensores,&nbsp;<\/strong><a href=\"http:\/\/www.centrodefensores.org.ve\/\"><strong>www.centrodefensores.org.ve<\/strong><\/a><\/p>\n","protected":false},"excerpt":{"rendered":"<p>\u2013 PRIMER SEMESTRE 2022 El Centro para los Defensores y la Justicia (CDJ) registr\u00f3 214 ataques e incidentes de seguridad entre enero y junio del 2022. Durante el primer semestre de 2022 se document\u00f3 c\u00f3mo el Estado venezolano avanza en la ejecuci\u00f3n de patrones para obstaculizar, limitar y afectar las actividades de quienes se encuentran [&hellip;]<\/p>\n","protected":false},"author":1,"featured_media":0,"comment_status":"closed","ping_status":"closed","sticky":false,"template":"","format":"standard","meta":{"footnotes":""},"categories":[1],"tags":[27,10,15],"class_list":["post-439","post","type-post","status-publish","format-standard","hentry","category-informes-cdj","tag-cdj2022","tag-hablemosddhh-2","tag-reportecdj-2"],"_links":{"self":[{"href":"https:\/\/centrodefensores.org.ve\/index.php?rest_route=\/wp\/v2\/posts\/439","targetHints":{"allow":["GET"]}}],"collection":[{"href":"https:\/\/centrodefensores.org.ve\/index.php?rest_route=\/wp\/v2\/posts"}],"about":[{"href":"https:\/\/centrodefensores.org.ve\/index.php?rest_route=\/wp\/v2\/types\/post"}],"author":[{"embeddable":true,"href":"https:\/\/centrodefensores.org.ve\/index.php?rest_route=\/wp\/v2\/users\/1"}],"replies":[{"embeddable":true,"href":"https:\/\/centrodefensores.org.ve\/index.php?rest_route=%2Fwp%2Fv2%2Fcomments&post=439"}],"version-history":[{"count":1,"href":"https:\/\/centrodefensores.org.ve\/index.php?rest_route=\/wp\/v2\/posts\/439\/revisions"}],"predecessor-version":[{"id":443,"href":"https:\/\/centrodefensores.org.ve\/index.php?rest_route=\/wp\/v2\/posts\/439\/revisions\/443"}],"wp:attachment":[{"href":"https:\/\/centrodefensores.org.ve\/index.php?rest_route=%2Fwp%2Fv2%2Fmedia&parent=439"}],"wp:term":[{"taxonomy":"category","embeddable":true,"href":"https:\/\/centrodefensores.org.ve\/index.php?rest_route=%2Fwp%2Fv2%2Fcategories&post=439"},{"taxonomy":"post_tag","embeddable":true,"href":"https:\/\/centrodefensores.org.ve\/index.php?rest_route=%2Fwp%2Fv2%2Ftags&post=439"}],"curies":[{"name":"wp","href":"https:\/\/api.w.org\/{rel}","templated":true}]}}