{"id":599,"date":"2024-03-22T15:00:00","date_gmt":"2024-03-22T19:00:00","guid":{"rendered":"https:\/\/centrodefensores.org.ve\/?p=599"},"modified":"2024-04-03T14:54:47","modified_gmt":"2024-04-03T18:54:47","slug":"situacion-de-las-personas-defensoras-de-derechos-humanos-en-venezuela-2","status":"publish","type":"post","link":"https:\/\/centrodefensores.org.ve\/?p=599","title":{"rendered":"SITUACI\u00d3N DE\u00a0LAS\u00a0PERSONAS\u00a0DEFENSORAS DE DERECHOS HUMANOS EN VENEZUELA"},"content":{"rendered":"\n<p class=\"has-accent-color has-text-color has-link-color wp-elements-e69f3f715faa9979e5fd2ccfcc360cdc\">\u2013<\/p>\n\n\n\n<p class=\"has-accent-color has-text-color has-link-color wp-elements-244a76aee36936460b77d04db6029f20\"><strong>FEBRERO 2024<\/strong><\/p>\n\n\n\n<p class=\"has-accent-color has-subtle-background-background-color has-text-color has-background has-link-color wp-elements-399660aa515733426ea2e8b877ea2561\"><strong>230 VIOLACIONES AL DERECHO A DEFENDER DERECHOS HUMANOS EN VENEZUELA DURANTE ENERO DE 2024<\/strong><\/p>\n\n\n\n<p>El Centro para los Defensores y la Justicia (CDJ) registr\u00f3 <strong>230 ataques e incidentes de seguridad durante febrero de 2024 en Venezuela.<\/strong><\/p>\n\n\n\n<p>El cierre del Espacio C\u00edvico y Democr\u00e1tico se profundiza durante el periodo pre &#8211; electoral.<\/p>\n\n\n\n<p>El Estado venezolano sigue avanzando en la implementaci\u00f3n de acciones y medidas que promueven&nbsp;&nbsp; el cierre del espacio c\u00edvico y democr\u00e1tico, obstaculizando los derechos a la libre asociaci\u00f3n, reuni\u00f3n y defensa de derechos.<\/p>\n\n\n\n<p>La tesis del Enemigo Interno se ve reforzada por campa\u00f1as sistem\u00e1ticas de estigmatizaci\u00f3n, afectando a organizaciones y personas defensoras por realizar sus actividades de documentaci\u00f3n, denuncia y exigencia son se\u00f1aladas de \u201cagentes desestabilizadores\u201d, \u201cinjerencistas\u201d, \u201cenemigas\u201d, \u201cterroristas\u201d, entre otros.<\/p>\n\n\n\n<figure class=\"wp-block-image size-large\"><img fetchpriority=\"high\" decoding=\"async\" width=\"1024\" height=\"592\" src=\"https:\/\/centrodefensores.org.ve\/wp-content\/uploads\/2024\/04\/Captura-de-pantalla-2024-04-03-a-las-12.47.59\u202fp.-m-1024x592.png\" alt=\"\" class=\"wp-image-600\" srcset=\"https:\/\/centrodefensores.org.ve\/wp-content\/uploads\/2024\/04\/Captura-de-pantalla-2024-04-03-a-las-12.47.59\u202fp.-m-1024x592.png 1024w, https:\/\/centrodefensores.org.ve\/wp-content\/uploads\/2024\/04\/Captura-de-pantalla-2024-04-03-a-las-12.47.59\u202fp.-m-300x173.png 300w, https:\/\/centrodefensores.org.ve\/wp-content\/uploads\/2024\/04\/Captura-de-pantalla-2024-04-03-a-las-12.47.59\u202fp.-m-768x444.png 768w, https:\/\/centrodefensores.org.ve\/wp-content\/uploads\/2024\/04\/Captura-de-pantalla-2024-04-03-a-las-12.47.59\u202fp.-m-1200x694.png 1200w, https:\/\/centrodefensores.org.ve\/wp-content\/uploads\/2024\/04\/Captura-de-pantalla-2024-04-03-a-las-12.47.59\u202fp.-m.png 1266w\" sizes=\"(max-width: 1024px) 100vw, 1024px\" \/><\/figure>\n\n\n\n<p>Los 230 ataques e incidentes de seguridad documentados en este lapso pueden verse reflejados principalmente en los siguientes patrones de agresi\u00f3n. &nbsp;<\/p>\n\n\n\n<figure class=\"wp-block-image size-large\"><img decoding=\"async\" width=\"1024\" height=\"747\" src=\"https:\/\/centrodefensores.org.ve\/wp-content\/uploads\/2024\/04\/Captura-de-pantalla-2024-04-03-a-las-12.51.11\u202fp.-m-1024x747.png\" alt=\"\" class=\"wp-image-601\" srcset=\"https:\/\/centrodefensores.org.ve\/wp-content\/uploads\/2024\/04\/Captura-de-pantalla-2024-04-03-a-las-12.51.11\u202fp.-m-1024x747.png 1024w, https:\/\/centrodefensores.org.ve\/wp-content\/uploads\/2024\/04\/Captura-de-pantalla-2024-04-03-a-las-12.51.11\u202fp.-m-300x219.png 300w, https:\/\/centrodefensores.org.ve\/wp-content\/uploads\/2024\/04\/Captura-de-pantalla-2024-04-03-a-las-12.51.11\u202fp.-m-768x560.png 768w, https:\/\/centrodefensores.org.ve\/wp-content\/uploads\/2024\/04\/Captura-de-pantalla-2024-04-03-a-las-12.51.11\u202fp.-m-1200x876.png 1200w, https:\/\/centrodefensores.org.ve\/wp-content\/uploads\/2024\/04\/Captura-de-pantalla-2024-04-03-a-las-12.51.11\u202fp.-m.png 1258w\" sizes=\"(max-width: 1024px) 100vw, 1024px\" \/><\/figure>\n\n\n\n<p>El Estado profundiza la violencia institucional como forma de obstaculizar el ejercicio leg\u00edtimo del derecho a defender derechos humanos, empleando acciones para intimidar y hostigar a la sociedad civil, estos hechos en conjunto a&nbsp; las amenazas se han orientados a atemorizar a las organizaciones, en un contexto de aumento de la represi\u00f3n y la persecuci\u00f3n. Estas acciones pretenden tener un efecto de amedrentamiento, disuasorio y de control para neutralizar a la sociedad civil.<\/p>\n\n\n\n<p>Los patrones represivos que conforman la Pol\u00edtica de Criminalizaci\u00f3n a la defensa y exigencia y promoci\u00f3n de derechos humanos, deben cesar. El Estado debe cumplir con sus obligaciones internacionales y constitucionales para garantizar el ejercicio y defensa de derechos sin que exista represalias por ello..<\/p>\n\n\n\n<p class=\"has-accent-color has-subtle-background-background-color has-text-color has-background has-link-color wp-elements-d6c8d9d92698b127a223096bc6bf83de\"><strong>CRIMINALIZACI\u00d3N DE LA DEFENSA, EXIGENCIA Y PROMOCI\u00d3N DE DERECHOS HUMANOS<\/strong><\/p>\n\n\n\n<p>Las condiciones de trabajo para quienes defienden y exigen derechos en Venezuela son cada vez m\u00e1s hostiles y desfavorables. El entorno para personas y organizaciones defensoras, se hostil, adverso y riesgoso, producto de las continuas restricciones.<\/p>\n\n\n\n<p>Se documentaron acciones para neutralizar al movimiento de derechos humanos bajo la l\u00f3gica del enemigo. Los patrones represivos del Estado son empleados en contra de la sociedad civil afectando los derechos a la asociaci\u00f3n, expresi\u00f3n, defensa, exigencia y promoci\u00f3n de derechos.&nbsp; Se observ\u00f3 como los actos de intimidaci\u00f3n y los se\u00f1alamientos persiguen un doble fin, la afectaci\u00f3n directa a las v\u00edctimas y el servir como un castigo y mensaje ejemplarizante para&nbsp; el resto del movimiento de derechos humanos, con el objeto de que por temor se inhiban de seguir actuando.<\/p>\n\n\n\n<p>Vemos con preocupaci\u00f3n que durante el mes esta pr\u00e1ctica tomo fuerza, y&nbsp; se vio principalmente reflejada en el caso de la defensora de derechos humanos Roc\u00edo San Miguel, presidenta de la organizaci\u00f3n Control Ciudadano, v\u00edctima de un proceso de criminalizaci\u00f3n en el cual se ha materializado graves violaciones a sus derechos humanos, a partir de una detenci\u00f3n arbitraria e el Aeropuerto Internacional Sim\u00f3n Bol\u00edvar de Maiquet\u00eda el 9 de febrero.<\/p>\n\n\n\n<p>Por otra parte, debe resaltarse que durante el periodo la estigmatizaci\u00f3n se present\u00f3 como principal modalidad de ataque. Las campa\u00f1as de desprestigio y se\u00f1alamientos p\u00fablicos&nbsp; se centraron en acusaciones infundadas en contra de personas y organizaciones defensoras, pretendiendo vincular sus acciones a proselitismo pol\u00edtico, injerencia internacional y actividades asociadas a la delincuencia organizada . Asimismo, en el marco de la judicializaci\u00f3n y criminalizaci\u00f3n de la defensora, Roc\u00edo San Miguel, funcionarios estatales y otros actores desacreditaron las denuncias, campa\u00f1as y acciones que se realizaron desde el movimiento de derechos humanos en favor de su libertad . Estas actividades se tomaron, nuevamente, como acciones de fomento a la \u201c<em>injerencia internacional\u201d<\/em>.<\/p>\n\n\n\n<p>Las amenazas en contra del movimiento de derechos humanos continuaron vinculadas a la aprobaci\u00f3n de Ley para la Fiscalizaci\u00f3n, Regulaci\u00f3n, Actuaci\u00f3n y Financiamiento de Organizaciones No Gubernamentales y Afines, cuyo proceso sigue en curso a pesar de las denuncias por tratarse de un instrumento altamente restrictivo y violatorio del derecho a la libertad de asociaci\u00f3n.<a><\/a><\/p>\n\n\n\n<p>El Centro para los Defensores y la Justicia alerta sobre el incremento de los ataques, y de la violencia institucional en contra de quienes defienden, exigen y promueven derechos humanos en el pa\u00eds.&nbsp; Preocupa que en un contexto electoral sigan aumentando las restricciones al espacio c\u00edvico y democr\u00e1tico y contin\u00faen materializ\u00e1ndose actos de criminalizaci\u00f3n en contra de la sociedad civil.<\/p>\n\n\n\n<p><strong>El Estado debe procurar un espacio c\u00edvico y democr\u00e1tico libre y seguro para el fortalecimiento de la democracia y la consolidaci\u00f3n del Estado de Derecho. Ante el contexto electoral es imprescindible el cese de la Pol\u00edtica de Criminalizaci\u00f3n y represi\u00f3n en contra de la sociedad civil y garantizar entornos propicios y seguros para la defensa, exigencia y promoci\u00f3n de derechos humanos.<\/strong><strong><\/strong><\/p>\n\n\n\n<p><strong>Te invitamos a descargar nuestro\u00a0reporte\u00a0y conocer los detalles:<\/strong>\u00a0 <strong><a href=\"https:\/\/centrodefensores.org.ve\/wp-content\/uploads\/2024\/04\/CDJReporteFebrero2024.pdf\" target=\"_blank\" rel=\"noreferrer noopener\">https:\/\/centrodefensores.org.ve\/wp-content\/uploads\/2024\/04\/CDJReporteFebrero2024.pdf <\/a><\/strong><\/p>\n\n\n\n<p><strong>Para contactarnos:&nbsp;<\/strong><a href=\"mailto:centrodefensores@gmail.com\" target=\"_blank\" rel=\"noreferrer noopener\"><strong>centrodefensores@gmail.com<\/strong><\/a><strong>, Twitter&nbsp;@DefensoresDDHH_ Instagram @centrodefensores, <\/strong><a href=\"http:\/\/www.centrodefensores.org.ve\"><strong>www.centrodefensores.org.ve<\/strong><\/a><strong><\/strong><\/p>\n\n\n\n<p class=\"has-secondary-color has-text-color has-link-color wp-elements-d077c0d4bba4cea147a8718959ae1f3e\"><em>*** Versi\u00f3n en ingl\u00e9s \/ English version ***<\/em><\/p>\n\n\n\n<p><a href=\"https:\/\/centrodefensores.org.ve\/wp-content\/uploads\/2024\/04\/CDJReportFebruary2024.pdf\" target=\"_blank\" rel=\"noreferrer noopener\"><strong>https:\/\/centrodefensores.org.ve\/wp-content\/uploads\/2024\/04\/CDJReportFebruary2024.pdf<\/strong><\/a><\/p>\n","protected":false},"excerpt":{"rendered":"<p>\u2013 FEBRERO 2024 230 VIOLACIONES AL DERECHO A DEFENDER DERECHOS HUMANOS EN VENEZUELA DURANTE ENERO DE 2024 El Centro para los Defensores y la Justicia (CDJ) registr\u00f3 230 ataques e incidentes de seguridad durante febrero de 2024 en Venezuela. El cierre del Espacio C\u00edvico y Democr\u00e1tico se profundiza durante el periodo pre &#8211; electoral. El [&hellip;]<\/p>\n","protected":false},"author":1,"featured_media":0,"comment_status":"closed","ping_status":"closed","sticky":false,"template":"","format":"standard","meta":{"footnotes":""},"categories":[1],"tags":[33,10,15],"class_list":["post-599","post","type-post","status-publish","format-standard","hentry","category-informes-cdj","tag-cdj2024","tag-hablemosddhh-2","tag-reportecdj-2"],"_links":{"self":[{"href":"https:\/\/centrodefensores.org.ve\/index.php?rest_route=\/wp\/v2\/posts\/599","targetHints":{"allow":["GET"]}}],"collection":[{"href":"https:\/\/centrodefensores.org.ve\/index.php?rest_route=\/wp\/v2\/posts"}],"about":[{"href":"https:\/\/centrodefensores.org.ve\/index.php?rest_route=\/wp\/v2\/types\/post"}],"author":[{"embeddable":true,"href":"https:\/\/centrodefensores.org.ve\/index.php?rest_route=\/wp\/v2\/users\/1"}],"replies":[{"embeddable":true,"href":"https:\/\/centrodefensores.org.ve\/index.php?rest_route=%2Fwp%2Fv2%2Fcomments&post=599"}],"version-history":[{"count":1,"href":"https:\/\/centrodefensores.org.ve\/index.php?rest_route=\/wp\/v2\/posts\/599\/revisions"}],"predecessor-version":[{"id":602,"href":"https:\/\/centrodefensores.org.ve\/index.php?rest_route=\/wp\/v2\/posts\/599\/revisions\/602"}],"wp:attachment":[{"href":"https:\/\/centrodefensores.org.ve\/index.php?rest_route=%2Fwp%2Fv2%2Fmedia&parent=599"}],"wp:term":[{"taxonomy":"category","embeddable":true,"href":"https:\/\/centrodefensores.org.ve\/index.php?rest_route=%2Fwp%2Fv2%2Fcategories&post=599"},{"taxonomy":"post_tag","embeddable":true,"href":"https:\/\/centrodefensores.org.ve\/index.php?rest_route=%2Fwp%2Fv2%2Ftags&post=599"}],"curies":[{"name":"wp","href":"https:\/\/api.w.org\/{rel}","templated":true}]}}