{"id":668,"date":"2025-01-20T10:30:00","date_gmt":"2025-01-20T14:30:00","guid":{"rendered":"https:\/\/centrodefensores.org.ve\/?p=668"},"modified":"2025-04-11T11:13:20","modified_gmt":"2025-04-11T15:13:20","slug":"situacion-de-las-personas-defensoras-de-derechos-humanos-en-venezuela-2024","status":"publish","type":"post","link":"https:\/\/centrodefensores.org.ve\/?p=668","title":{"rendered":"SITUACI\u00d3N DE\u00a0LAS\u00a0PERSONAS\u00a0DEFENSORAS\u00a0DE\u00a0DERECHOS\u00a0HUMANOS\u00a0EN\u00a0VENEZUELA &#8211; 2024"},"content":{"rendered":"\n<p class=\"has-accent-color has-text-color has-link-color wp-elements-e69f3f715faa9979e5fd2ccfcc360cdc\">\u2013<\/p>\n\n\n\n<p class=\"has-accent-color has-text-color has-link-color wp-elements-16b5fab6fb7f303c6ec54992f97aa666\"><strong>INFORME ANUAL 2024<\/strong><\/p>\n\n\n\n<p class=\"has-accent-color has-subtle-background-background-color has-text-color has-background has-link-color wp-elements-af9452423e507b3b685765a9bb9eac9d\"><strong>979 VIOLACIONES AL DERECHO A DEFENDER DERECHOS HUMANOS DURANTE 2024<\/strong><\/p>\n\n\n\n<p class=\"has-accent-color has-text-color has-link-color wp-elements-d775a5a6da93861a89128ad20033b411\">El Centro para los Defensores y la Justicia (CDJ) registr\u00f3 <strong>979 ataques e incidentes de seguridad durante el a\u00f1o 2024, <\/strong>lo que representa un aumento de 87% en relaci\u00f3n al mismo per\u00edodo en 2023, cuando se documentaron 524 agresiones.<\/p>\n\n\n\n<p>En el contexto electoral aumentaron las restricciones al espacio c\u00edvico y democr\u00e1tico y se increment\u00f3 la criminalizaci\u00f3n, la represi\u00f3n y el control social a la sociedad civil, incluidas las personas y organizaciones que defienden, exigen y promueven derechos humanos.<\/p>\n\n\n\n<figure class=\"wp-block-image size-large\"><img fetchpriority=\"high\" decoding=\"async\" width=\"1024\" height=\"597\" src=\"https:\/\/centrodefensores.org.ve\/wp-content\/uploads\/2025\/04\/Ataques2024-1024x597.png\" alt=\"\" class=\"wp-image-669\" srcset=\"https:\/\/centrodefensores.org.ve\/wp-content\/uploads\/2025\/04\/Ataques2024-1024x597.png 1024w, https:\/\/centrodefensores.org.ve\/wp-content\/uploads\/2025\/04\/Ataques2024-300x175.png 300w, https:\/\/centrodefensores.org.ve\/wp-content\/uploads\/2025\/04\/Ataques2024-768x448.png 768w, https:\/\/centrodefensores.org.ve\/wp-content\/uploads\/2025\/04\/Ataques2024-1200x700.png 1200w, https:\/\/centrodefensores.org.ve\/wp-content\/uploads\/2025\/04\/Ataques2024.png 1228w\" sizes=\"(max-width: 1024px) 100vw, 1024px\" \/><\/figure>\n\n\n\n<p>2024 se caracteriz\u00f3 por el aumento de las acciones represivas y de control en contra de las organizaciones y personas defensoras de derechos humanos.<\/p>\n\n\n\n<p class=\"has-accent-color has-subtle-background-background-color has-text-color has-background has-link-color wp-elements-64333d1218f7f9e44381c92c025fa82c\"><strong>Cierre continuo del espacio c\u00edvico y democr\u00e1tico<\/strong><\/p>\n\n\n\n<p>En el marco del contexto electoral el Estado tom\u00f3 nuevas acciones tendientes a cercenar el espacio c\u00edvico y democr\u00e1tico, en consecuencia, aumentaron las vulneraciones y limitaciones a los derechos a la asociaci\u00f3n, reuni\u00f3n, manifestaci\u00f3n, expresi\u00f3n, opini\u00f3n y defensa de derechos humanos.<\/p>\n\n\n\n<p>Distribuci\u00f3n de los Ataques por mes:<\/p>\n\n\n\n<figure class=\"wp-block-image size-large\"><img decoding=\"async\" width=\"1024\" height=\"848\" src=\"https:\/\/centrodefensores.org.ve\/wp-content\/uploads\/2025\/04\/Ataques-por-mes-2024-1024x848.png\" alt=\"\" class=\"wp-image-670\" srcset=\"https:\/\/centrodefensores.org.ve\/wp-content\/uploads\/2025\/04\/Ataques-por-mes-2024-1024x848.png 1024w, https:\/\/centrodefensores.org.ve\/wp-content\/uploads\/2025\/04\/Ataques-por-mes-2024-300x249.png 300w, https:\/\/centrodefensores.org.ve\/wp-content\/uploads\/2025\/04\/Ataques-por-mes-2024-768x636.png 768w, https:\/\/centrodefensores.org.ve\/wp-content\/uploads\/2025\/04\/Ataques-por-mes-2024-1200x994.png 1200w, https:\/\/centrodefensores.org.ve\/wp-content\/uploads\/2025\/04\/Ataques-por-mes-2024.png 1306w\" sizes=\"(max-width: 1024px) 100vw, 1024px\" \/><\/figure>\n\n\n\n<p class=\"has-accent-color has-subtle-background-background-color has-text-color has-background has-link-color wp-elements-0e978e3e6e858112cb6c4ba5a1dd4b3e\"><strong>343 de las agresiones ocurrieron en el contexto posterior a las elecciones del 28 de julio<\/strong><\/p>\n\n\n\n<p>Tras el evento electoral se document\u00f3 el 35% del total de los ataques ocurridos en el a\u00f1o, con preocupaci\u00f3n en el aumento de las agresiones y afectaciones a la integridad y libertad personal.<\/p>\n\n\n\n<p>Recrudecieron los controles y obst\u00e1culos a la libertad de asociaci\u00f3n, expresi\u00f3n y del derecho a defender, registr\u00e1ndose un aumento en detenciones de personas defensoras y la implementaci\u00f3n de nuevas modalidades restrictivas a sus derechos como anulaciones de pasaportes.<\/p>\n\n\n\n<p>El Estado no muestra inter\u00e9s en cesar la criminalizaci\u00f3n, por el contrario, se acent\u00faan las medidas f\u00e1cticas y legales para limitar y restringir la defensa, exigencia y promoci\u00f3n de derechos, aumentando los niveles de riesgo para las personas y organizaciones que realizan estas actividades en el pa\u00eds.<\/p>\n\n\n\n<figure class=\"wp-block-image size-large\"><img decoding=\"async\" width=\"1024\" height=\"626\" src=\"https:\/\/centrodefensores.org.ve\/wp-content\/uploads\/2025\/04\/Distribucion2024-1-1024x626.png\" alt=\"\" class=\"wp-image-673\" srcset=\"https:\/\/centrodefensores.org.ve\/wp-content\/uploads\/2025\/04\/Distribucion2024-1-1024x626.png 1024w, https:\/\/centrodefensores.org.ve\/wp-content\/uploads\/2025\/04\/Distribucion2024-1-300x183.png 300w, https:\/\/centrodefensores.org.ve\/wp-content\/uploads\/2025\/04\/Distribucion2024-1-768x469.png 768w, https:\/\/centrodefensores.org.ve\/wp-content\/uploads\/2025\/04\/Distribucion2024-1-1200x733.png 1200w, https:\/\/centrodefensores.org.ve\/wp-content\/uploads\/2025\/04\/Distribucion2024-1.png 1296w\" sizes=\"(max-width: 1024px) 100vw, 1024px\" \/><\/figure>\n\n\n\n<p>Los 979 ataques e incidentes de seguridad documentados en este lapso pueden verse reflejados principalmente en los siguientes patrones de agresi\u00f3n. &nbsp;<\/p>\n\n\n\n<figure class=\"wp-block-image size-large\"><img loading=\"lazy\" decoding=\"async\" width=\"1024\" height=\"888\" src=\"https:\/\/centrodefensores.org.ve\/wp-content\/uploads\/2025\/04\/Caracterizacion-1-1024x888.png\" alt=\"\" class=\"wp-image-674\" srcset=\"https:\/\/centrodefensores.org.ve\/wp-content\/uploads\/2025\/04\/Caracterizacion-1-1024x888.png 1024w, https:\/\/centrodefensores.org.ve\/wp-content\/uploads\/2025\/04\/Caracterizacion-1-300x260.png 300w, https:\/\/centrodefensores.org.ve\/wp-content\/uploads\/2025\/04\/Caracterizacion-1-768x666.png 768w, https:\/\/centrodefensores.org.ve\/wp-content\/uploads\/2025\/04\/Caracterizacion-1-1200x1041.png 1200w, https:\/\/centrodefensores.org.ve\/wp-content\/uploads\/2025\/04\/Caracterizacion-1.png 1296w\" sizes=\"(max-width: 1024px) 100vw, 1024px\" \/><\/figure>\n\n\n\n<p class=\"has-accent-color has-subtle-background-background-color has-text-color has-background has-link-color wp-elements-4eea427dd4d73d681d791b68f2eaa7c3\"><strong>ESTIGMATIZACI\u00d3N, INTIMIDACI\u00d3N, HOSTIGAMIENTO Y AMENAZAS SE MANTIENEN COMO LOS PRINCIPALES PATRONES DE ATAQUE DOCUMENTADOS<\/strong><\/p>\n\n\n\n<p>Se registr\u00f3 un aumento de medidas de persecuci\u00f3n y de control social orientadas a limitar y obstaculizar el trabajo de la sociedad civil.<\/p>\n\n\n\n<p>Tambien se document\u00f3 el uso de m\u00e9todos represivos m\u00e1s sofisticados y direccionados para infundir temor y&nbsp; poder neutralizar las actividades de quienes promueven, defienden y exigen derechos.<\/p>\n\n\n\n<p>Amparados en la tesis del Enemigo Interno se emiten y difunden campa\u00f1as de desprestigio, discursos descalificatorios, llamados a la violencia, se\u00f1alamientos de \u201cenemigos\u201d, \u201ctraidores\u201d, \u201cagentes desestabilizadores\u201d, \u201cintervencionistas\u201d, \u201cfascistas\u201d entre otros. Estas alocuciones suelen ir acompa\u00f1adas de amenazas y tienen un fin intimidatorio para que la sociedad civil se inhiba de seguir actuando.<\/p>\n\n\n\n<p>Asimismo, persiste el uso de delitos tipificados en leyes contra el financiamiento al terrorismo y delincuencia organizada, y la ley contra el odio y otros instrumentos normativos de \u00edndole penal intimidar, judicializar y criminalizar acciones de documentaci\u00f3n, denuncia, incidencia, cooperaci\u00f3n y litigio estrat\u00e9gico en derechos humanos.<\/p>\n\n\n\n<p>Detenciones arbitrarias, judicializaci\u00f3n y un aumento de actos de intimidaci\u00f3n, hostigamiento y amenazas caracterizaron el per\u00edodo. Adicionalmente, la aprobaci\u00f3n de instrumentos normativos para controlar, restringir y criminalizar la actividad de las organizaciones de sociedad civil signific\u00f3 nuevos desaf\u00edos y derivaron en el aumento de los riesgos para quienes tienen trabajo en el terreno.<\/p>\n\n\n\n<p>2024 present\u00f3 grandes desaf\u00edos para la defensa de los derechos humanos en el pa\u00eds y sienta un precedente adverso para el 2025. La impunidad generalizada, la falta de institucionalidad democr\u00e1tica, la persecuci\u00f3n de quienes son percibidos como disidentes y la violencia institucional hacen de la defensa de los derechos humanos una actividad cada vez m\u00e1s riesgosa. Es en este contexto el CDJ alerta sobre el probable recrudecimiento de la persecuci\u00f3n al movimiento de derechos humanos independiente.<\/p>\n\n\n\n<p>Desde el Centro para los Defensores y la Justicia (CDJ), insistimos en la necesidad de emplear las medidas necesarias para revertir las medidas tendientes al cierre del espacio c\u00edvico y democr\u00e1tico, la derogaci\u00f3n de leyes restrictivas y desapegadas al derecho internacional de los derechos humanos. Asimismo, las personas defensoras detenidas arbitrariamente deben ser liberadas de forma plena y debe cesar la persecuci\u00f3n judicial que criminaliza el trabajo de la sociedad civil.<\/p>\n\n\n\n<p><strong>Te invitamos a descargar nuestro\u00a0reporte\u00a0y conocer los detalles:<\/strong>\u00a0 \u00a0<a href=\"https:\/\/centrodefensores.org.ve\/wp-content\/uploads\/2025\/04\/CDJReporteAnual2024.pdf\" target=\"_blank\" rel=\"noreferrer noopener\"><strong>CDJ Reporte Anual 2024<\/strong><\/a><\/p>\n\n\n\n<p><strong>Para contactarnos:&nbsp;<\/strong><a href=\"mailto:centrodefensores@gmail.com\" target=\"_blank\" rel=\"noreferrer noopener\"><strong>centrodefensores@gmail.com<\/strong><\/a><strong>, Twitter&nbsp;@DefensoresDDHH_ Instagram @centrodefensores, <\/strong><a href=\"http:\/\/www.centrodefensores.org.ve\"><strong>www.centrodefensores.org.ve<\/strong><\/a><strong><\/strong><\/p>\n\n\n\n<p class=\"has-subtle-background-color has-text-color has-link-color wp-elements-470a2f2b1f5723d54e74f55569cebbe6\"><em>*** Versi\u00f3n en ingl\u00e9s \/ English version ***<\/em><\/p>\n\n\n\n<p><strong>We invite you to download our report and find out the details: <\/strong><a href=\"https:\/\/centrodefensores.org.ve\/wp-content\/uploads\/2025\/04\/CDJAnualReport2024.pdf\" target=\"_blank\" rel=\"noreferrer noopener\"><strong>CDJ Anual Report 2024<\/strong><\/a><\/p>\n","protected":false},"excerpt":{"rendered":"<p>\u2013 INFORME ANUAL 2024 979 VIOLACIONES AL DERECHO A DEFENDER DERECHOS HUMANOS DURANTE 2024 El Centro para los Defensores y la Justicia (CDJ) registr\u00f3 979 ataques e incidentes de seguridad durante el a\u00f1o 2024, lo que representa un aumento de 87% en relaci\u00f3n al mismo per\u00edodo en 2023, cuando se documentaron 524 agresiones. En el [&hellip;]<\/p>\n","protected":false},"author":1,"featured_media":0,"comment_status":"closed","ping_status":"closed","sticky":false,"template":"","format":"standard","meta":{"footnotes":""},"categories":[1],"tags":[33,10,15],"class_list":["post-668","post","type-post","status-publish","format-standard","hentry","category-informes-cdj","tag-cdj2024","tag-hablemosddhh-2","tag-reportecdj-2"],"_links":{"self":[{"href":"https:\/\/centrodefensores.org.ve\/index.php?rest_route=\/wp\/v2\/posts\/668","targetHints":{"allow":["GET"]}}],"collection":[{"href":"https:\/\/centrodefensores.org.ve\/index.php?rest_route=\/wp\/v2\/posts"}],"about":[{"href":"https:\/\/centrodefensores.org.ve\/index.php?rest_route=\/wp\/v2\/types\/post"}],"author":[{"embeddable":true,"href":"https:\/\/centrodefensores.org.ve\/index.php?rest_route=\/wp\/v2\/users\/1"}],"replies":[{"embeddable":true,"href":"https:\/\/centrodefensores.org.ve\/index.php?rest_route=%2Fwp%2Fv2%2Fcomments&post=668"}],"version-history":[{"count":1,"href":"https:\/\/centrodefensores.org.ve\/index.php?rest_route=\/wp\/v2\/posts\/668\/revisions"}],"predecessor-version":[{"id":675,"href":"https:\/\/centrodefensores.org.ve\/index.php?rest_route=\/wp\/v2\/posts\/668\/revisions\/675"}],"wp:attachment":[{"href":"https:\/\/centrodefensores.org.ve\/index.php?rest_route=%2Fwp%2Fv2%2Fmedia&parent=668"}],"wp:term":[{"taxonomy":"category","embeddable":true,"href":"https:\/\/centrodefensores.org.ve\/index.php?rest_route=%2Fwp%2Fv2%2Fcategories&post=668"},{"taxonomy":"post_tag","embeddable":true,"href":"https:\/\/centrodefensores.org.ve\/index.php?rest_route=%2Fwp%2Fv2%2Ftags&post=668"}],"curies":[{"name":"wp","href":"https:\/\/api.w.org\/{rel}","templated":true}]}}