{"id":690,"date":"2025-04-25T14:00:00","date_gmt":"2025-04-25T18:00:00","guid":{"rendered":"https:\/\/centrodefensores.org.ve\/?p=690"},"modified":"2025-05-08T16:22:04","modified_gmt":"2025-05-08T20:22:04","slug":"situacion-de-las-personas-defensoras-de-derechos-humanos-en-venezuela-primer-trimestre-2025","status":"publish","type":"post","link":"https:\/\/centrodefensores.org.ve\/?p=690","title":{"rendered":"SITUACI\u00d3N DE LAS PERSONAS DEFENSORAS DE DERECHOS HUMANOS EN VENEZUELA &#8211; Primer Trimestre 2025"},"content":{"rendered":"\n<p class=\"has-accent-color has-text-color has-link-color wp-elements-e69f3f715faa9979e5fd2ccfcc360cdc\">\u2013<\/p>\n\n\n\n<p class=\"has-accent-color has-text-color has-link-color wp-elements-37d8056a2ede1dde73da5e330849fcde\"><strong>PRIMER TRIMESTRE 2025<\/strong><\/p>\n\n\n\n<p class=\"has-accent-color has-subtle-background-background-color has-text-color has-background has-link-color wp-elements-74238a60eabfa9f96ef4c3caafce30b5\"><strong>236 VIOLACIONES AL DERECHO A DEFENDER DERECHOS HUMANOS EN VENEZUELA DURANTE EL PRIMER TRIMESTRE DE 2025<\/strong><\/p>\n\n\n\n<p class=\"has-primary-color has-text-color has-link-color wp-elements-db036c7e3cab05cad2de3535085a6b4b\">El Centro para los Defensores y la Justicia (CDJ) document\u00f3<strong> 236 ataques e incidentes de seguridad durante el primer trimestre de 2025. <\/strong>La Pol\u00edtica de Criminalizaci\u00f3n, Represi\u00f3n y Control social sigue siendo aplicada en contra de quienes promueven, defienden, y exigen derechos humanos en Venezuela.<\/p>\n\n\n\n\n\n<p>Entre enero y marzo de 2025 se profundiz\u00f3 el cierre del Espacio C\u00edvico y Democr\u00e1tico tras la entrada en vigencia y promulgaci\u00f3n de normativas restrictivas del derecho a la libre asociaci\u00f3n, afectando las acciones de personas y organizaciones de sociedad civil.<\/p>\n\n\n\n<p>Los 236 hechos documentados representan una disminuci\u00f3n de 44% en relaci\u00f3n al mismo per\u00edodo del a\u00f1o 2024, cuando se registraron 418 situaciones.<\/p>\n\n\n\n<figure class=\"wp-block-image size-large\"><img fetchpriority=\"high\" decoding=\"async\" width=\"1024\" height=\"591\" src=\"https:\/\/centrodefensores.org.ve\/wp-content\/uploads\/2025\/05\/ComparativoTrimestre24-25-1024x591.png\" alt=\"\" class=\"wp-image-692\" srcset=\"https:\/\/centrodefensores.org.ve\/wp-content\/uploads\/2025\/05\/ComparativoTrimestre24-25-1024x591.png 1024w, https:\/\/centrodefensores.org.ve\/wp-content\/uploads\/2025\/05\/ComparativoTrimestre24-25-300x173.png 300w, https:\/\/centrodefensores.org.ve\/wp-content\/uploads\/2025\/05\/ComparativoTrimestre24-25-768x443.png 768w, https:\/\/centrodefensores.org.ve\/wp-content\/uploads\/2025\/05\/ComparativoTrimestre24-25-1200x693.png 1200w, https:\/\/centrodefensores.org.ve\/wp-content\/uploads\/2025\/05\/ComparativoTrimestre24-25.png 1240w\" sizes=\"(max-width: 1024px) 100vw, 1024px\" \/><\/figure>\n\n\n\n<p>El Estado venezolano contin\u00faa aplicando la Pol\u00edtica de criminalizaci\u00f3n, represi\u00f3n y control social en contra de quienes se encuentran en primera l\u00ednea de acci\u00f3n, defendiendo, exigiendo y promoviendo derechos humanos.<\/p>\n\n\n\n<p>Los&nbsp; nuevos ataques y violencia en contra de personas y organizaciones defensoras evidencian c\u00f3mo se recrudece la institucionalizaci\u00f3n de la tesis del enemigo interno.<\/p>\n\n\n\n<p>Los 236 ataques e incidentes de seguridad documentados reflejan entre los principales patrones de agresi\u00f3n y amedrentamiento los siguientes:<\/p>\n\n\n\n<figure class=\"wp-block-image size-large\"><img decoding=\"async\" width=\"1024\" height=\"769\" src=\"https:\/\/centrodefensores.org.ve\/wp-content\/uploads\/2025\/05\/CaracterizacionTrimestre25-1024x769.png\" alt=\"\" class=\"wp-image-693\" srcset=\"https:\/\/centrodefensores.org.ve\/wp-content\/uploads\/2025\/05\/CaracterizacionTrimestre25-1024x769.png 1024w, https:\/\/centrodefensores.org.ve\/wp-content\/uploads\/2025\/05\/CaracterizacionTrimestre25-300x225.png 300w, https:\/\/centrodefensores.org.ve\/wp-content\/uploads\/2025\/05\/CaracterizacionTrimestre25-768x577.png 768w, https:\/\/centrodefensores.org.ve\/wp-content\/uploads\/2025\/05\/CaracterizacionTrimestre25-1200x901.png 1200w, https:\/\/centrodefensores.org.ve\/wp-content\/uploads\/2025\/05\/CaracterizacionTrimestre25.png 1324w\" sizes=\"(max-width: 1024px) 100vw, 1024px\" \/><\/figure>\n\n\n\n<p>Durante el trimestre, el CDJ document\u00f3 principalmente discursos y campa\u00f1as de estigmatizaci\u00f3n, se\u00f1alando de forma sistem\u00e1tica a las organizaciones no gubernamentales de ser agentes desestabilizadores y pretendiendo vincular sus actividades con actor al margen de la ley y con hechos relacionados a corrupci\u00f3n, como una forma de amedrentar y hostigar.<\/p>\n\n\n\n<p>Este tipo de agresiones, tienen como fin el neutralizar a las organizaciones y personas defensoras identific\u00e1ndolas de acuerdo a la narrativa gubernamental como enemigos de la patria y exponerlos a posibles investigaciones y sanciones penales. La estigmatizaci\u00f3n se manifiesta adem\u00e1s como un elemento que conduce la materializaci\u00f3n de otro tipo de agresiones como por ejemplo las amenazas y los actos de hostigamiento e intimidaci\u00f3n y las detenciones arbitrarias.<\/p>\n\n\n\n<p>El trabajo de defensa de derechos humanos, se ve afectado en tanto desde distintas instancias del Poder P\u00fablico se intenta vincularlas a actividades delictivas, la desestabilizaci\u00f3n y atentar contra la paz del pa\u00eds. Se sigue haciendo uso de leyes restrictivas y del derecho penal para judicializar, perseguir, controlar y criminalizar.<\/p>\n\n\n\n<p class=\"has-accent-color has-subtle-background-background-color has-text-color has-background has-link-color wp-elements-29eee492801cc8165852ef6227263c4c\"><strong>EL ESPACIO C\u00cdVICO Y DEMOCR\u00c1TICO EN VENEZUELA SIGUE SIENDO AMENAZADO<\/strong><\/p>\n\n\n\n<p>El entorno para la defensa, exigencia y promoci\u00f3n de derechos sigue siendo adverso y hostil. La&nbsp; implementaci\u00f3n de medidas legales y f\u00e1cticas restrictivas y contrarias al espacio c\u00edvico y democr\u00e1tico vigentes aumentan los riesgos para las personas y organizaciones defensoras de derechos humanos.<\/p>\n\n\n\n<p>El primer trimestre se caracteriz\u00f3 por nuevas amenazas producto de la entrada en vigencia de nuevas normativas que limitan el derecho a la libertad de asociaci\u00f3n.<\/p>\n\n\n\n<p>En febrero entr\u00f3 en vigencia la Ley de Fiscalizaci\u00f3n, Regularizaci\u00f3n, Actuaci\u00f3n y Financiamiento de las Organizaciones No Gubernamentales y Afines. Asimismo, se generaron nuevos avances normativos tendientes a la restricci\u00f3n y control de las libertades c\u00edvicas en el pa\u00eds con la publicaci\u00f3n de la Resoluci\u00f3n No 01025 de la Superintendencia de las Instituciones del Sector Bancario (SUDEBAN) , la cual establece&nbsp; Normas relativas a la administraci\u00f3n y supervisi\u00f3n de los Riesgos de Legitimaci\u00f3n de Capitales, Financiamiento al Terrorismo y Financiamiento de la Proliferaci\u00f3n de armas de Destrucci\u00f3n Masiva (LC\/FT\/FPADM), aplicables al sector bancario, representando nuevas amenazas al trabajo de la sociedad civil y aumentando el nivel de riego para las organizaciones y personas defensoras de derechos humanos..<\/p>\n\n\n\n<p class=\"has-accent-color has-subtle-background-background-color has-text-color has-background has-link-color wp-elements-d6c8d9d92698b127a223096bc6bf83de\"><strong>CRIMINALIZACI\u00d3N DE LA DEFENSA, EXIGENCIA Y PROMOCI\u00d3N DE DERECHOS HUMANOS<\/strong><\/p>\n\n\n\n<p>Durante el primer trimestre de 2025 continu\u00f3 aplic\u00e1ndose la Pol\u00edtica de criminalizaci\u00f3n, represi\u00f3n y control en contra de quienes realizan acciones de defensa, exigencia y promoci\u00f3n de derechos humanos. Las agresiones documentadas siguen siendo justificadas en la l\u00f3gica del enemigo interno, y se se\u00f1ala a las personas y organizaciones defensoras como actores que act\u00faan en contra de los intereses de la naci\u00f3n.<\/p>\n\n\n\n<p>Las principales agresiones registradas se centran en el&nbsp; patr\u00f3n de amedrentamiento bajo la sistematicidad de las campa\u00f1as de estigmatizaci\u00f3n. Durante el per\u00edodo fue constante por parte de diversos sectores estadales de un discurso violento y acusatorio en contra del movimiento de derechos humanos independiente. Las campa\u00f1as de descr\u00e9dito y las acusaciones relacionadas a traici\u00f3n a la patria, injerencia, terrorismo y desestabilizaci\u00f3n, han servido de base para respaldar y justificar acciones contrarias a la libertad e integridad personal, as\u00ed como tambi\u00e9n para establecer mayores restricciones, arbitrarias y discrecionales, a la defensa, exigencia y promoci\u00f3n de los derechos humanos, en especial bajo la criminalizaci\u00f3n de la cooperaci\u00f3n internacional.<\/p>\n\n\n\n<p>En un contexto se\u00f1alamientos y cierre de la agencia USAID por parte del gobierno de los Estados Unidos, las autoridades venezolanas profundizaron la criminalizaci\u00f3n de la cooperaci\u00f3n internacional con&nbsp; acciones de estigmatizaci\u00f3n, intimidaci\u00f3n y amenazas a las organizaciones de la sociedad civil, incluidas las de derechos humanos y a&nbsp; personas defensoras..<\/p>\n\n\n\n<p><strong>Las medidas restrictivas del espacio c\u00edvico y democr\u00e1tico vigentes deben ser derogadas. Las personas y organizaciones defensoras de derechos humanos en Venezuela deben dejar de estar expuestas a que se cometan en su contra distintos tipos de agresiones y represalias por el ejercicio de su labor. <\/strong><strong><\/strong><\/p>\n\n\n\n<p><strong>Te invitamos a descargar nuestro\u00a0reporte\u00a0y conocer los detalles:<\/strong> <a href=\"https:\/\/centrodefensores.org.ve\/wp-content\/uploads\/2025\/05\/CDJ-ReportePrimerTrimestre2025.pdf\" target=\"_blank\" rel=\"noreferrer noopener\"><strong>Reporte Primer Trimestre2025 <\/strong><\/a><\/p>\n\n\n\n<p><a><strong>Para contactarnos:&nbsp;<\/strong><\/a><a href=\"mailto:centrodefensores@gmail.com\" target=\"_blank\" rel=\"noreferrer noopener\"><strong>centrodefensores@gmail.com<\/strong><\/a><strong>, Twitter&nbsp;@DefensoresDDHH_ Instagram @centrodefensores, <\/strong><a href=\"http:\/\/www.centrodefensores.org.ve\"><strong>www.centrodefensores.org.ve<\/strong><\/a><strong><\/strong><\/p>\n\n\n\n<p class=\"has-subtle-background-color has-text-color has-link-color wp-elements-ebfd8462f74ea525a06a3aeb7488b952\">*** Versi\u00f3n en ingl\u00e9s disponible \/ English version available***<\/p>\n\n\n\n<p><strong>We invited you to download our report and find out the details<\/strong>. <a href=\"https:\/\/centrodefensores.org.ve\/wp-content\/uploads\/2025\/05\/CDJ-ReportFirstTrimester2025.pdf\" target=\"_blank\" rel=\"noreferrer noopener\"><strong>Report First Quarter 2025<\/strong><\/a><\/p>\n","protected":false},"excerpt":{"rendered":"<p>\u2013 PRIMER TRIMESTRE 2025 236 VIOLACIONES AL DERECHO A DEFENDER DERECHOS HUMANOS EN VENEZUELA DURANTE EL PRIMER TRIMESTRE DE 2025 El Centro para los Defensores y la Justicia (CDJ) document\u00f3 236 ataques e incidentes de seguridad durante el primer trimestre de 2025. La Pol\u00edtica de Criminalizaci\u00f3n, Represi\u00f3n y Control social sigue siendo aplicada en contra [&hellip;]<\/p>\n","protected":false},"author":1,"featured_media":0,"comment_status":"closed","ping_status":"closed","sticky":false,"template":"","format":"standard","meta":{"footnotes":""},"categories":[1],"tags":[34,10,15],"class_list":["post-690","post","type-post","status-publish","format-standard","hentry","category-informes-cdj","tag-cdj2025","tag-hablemosddhh-2","tag-reportecdj-2"],"_links":{"self":[{"href":"https:\/\/centrodefensores.org.ve\/index.php?rest_route=\/wp\/v2\/posts\/690","targetHints":{"allow":["GET"]}}],"collection":[{"href":"https:\/\/centrodefensores.org.ve\/index.php?rest_route=\/wp\/v2\/posts"}],"about":[{"href":"https:\/\/centrodefensores.org.ve\/index.php?rest_route=\/wp\/v2\/types\/post"}],"author":[{"embeddable":true,"href":"https:\/\/centrodefensores.org.ve\/index.php?rest_route=\/wp\/v2\/users\/1"}],"replies":[{"embeddable":true,"href":"https:\/\/centrodefensores.org.ve\/index.php?rest_route=%2Fwp%2Fv2%2Fcomments&post=690"}],"version-history":[{"count":4,"href":"https:\/\/centrodefensores.org.ve\/index.php?rest_route=\/wp\/v2\/posts\/690\/revisions"}],"predecessor-version":[{"id":700,"href":"https:\/\/centrodefensores.org.ve\/index.php?rest_route=\/wp\/v2\/posts\/690\/revisions\/700"}],"wp:attachment":[{"href":"https:\/\/centrodefensores.org.ve\/index.php?rest_route=%2Fwp%2Fv2%2Fmedia&parent=690"}],"wp:term":[{"taxonomy":"category","embeddable":true,"href":"https:\/\/centrodefensores.org.ve\/index.php?rest_route=%2Fwp%2Fv2%2Fcategories&post=690"},{"taxonomy":"post_tag","embeddable":true,"href":"https:\/\/centrodefensores.org.ve\/index.php?rest_route=%2Fwp%2Fv2%2Ftags&post=690"}],"curies":[{"name":"wp","href":"https:\/\/api.w.org\/{rel}","templated":true}]}}